{"id":1150,"date":"2020-01-26T02:40:58","date_gmt":"2020-01-26T00:40:58","guid":{"rendered":"https:\/\/upas.evvel.org\/?p=1150"},"modified":"2022-05-11T22:00:53","modified_gmt":"2022-05-11T19:00:53","slug":"canimiz-biricigimiz-duygu-gundesi-yitireli-1-yil-oldu","status":"publish","type":"post","link":"https:\/\/upas.evvel.org\/?p=1150","title":{"rendered":"Can\u0131m\u0131z, birici\u011fimiz Duygu G\u00fcnde\u015f\u2019i yitireli 1 y\u0131l oldu\u2026"},"content":{"rendered":"\n<div style=\"height:20px\" aria-hidden=\"true\" class=\"wp-block-spacer\"><\/div>\n\n\n\n<p> Can\u0131m\u0131z, birici\u011fimiz, g\u00fczeller g\u00fczeli \u00e7evirmen\u00a0<a rel=\"noreferrer noopener\" aria-label=\" (yeni sekmede a\u00e7\u0131l\u0131r)\" href=\"https:\/\/duygugundes.info\/\" target=\"_blank\">Duygu G\u00fcnde\u015f<\/a>\u2018i yitireli 1 y\u0131l oldu. Ge\u00e7en bu 1 y\u0131lda ya\u015fad\u0131m m\u0131, ya\u015famad\u0131m m\u0131, Duygu\u2019nun yoklu\u011funa, bu ac\u0131ya, bu \u00f6zleme dayand\u0131m m\u0131, dayanamad\u0131m m\u0131, neler-nas\u0131l ve neden oldu hi\u00e7 bilemiyorum\u2026 (Tam-eksiksiz bir \u00e7\u0131rp\u0131n\u0131\u015f!) Ge\u00e7en zamana dair i\u00e7selle\u015ftirdi\u011fim -daha do\u011frusu, i\u00e7selle\u015ftirdi\u011fimi sand\u0131\u011f\u0131m- tek \u015fey \u015fu: Duygu\u2019ya bir a\u011f\u0131t olarak <a href=\"https:\/\/upas.evvel.org\/olumculdefter.pdf\" target=\"_blank\" rel=\"noreferrer noopener\" aria-label=\" (yeni sekmede a\u00e7\u0131l\u0131r)\">\u00d6l\u00fcmc\u00fcl Defter<\/a>\u2018i kaleme ald\u0131m, \u00f6l\u00fcm\u00fc anlamaya\/s\u0131namaya \u00e7al\u0131\u015ft\u0131m. Ne kadar ba\u015far\u0131l\u0131 oldu\u011fum bilinmez; ya\u015fayan \u00f6l\u00fclerin \u00e7a\u011f\u0131na\/d\u00fcnyas\u0131na k\u0131yasla\u2026\u00a0<em><strong>(Zafer Yal\u00e7\u0131np\u0131nar)<\/strong><\/em><\/p>\n\n\n\n<div style=\"height:20px\" aria-hidden=\"true\" class=\"wp-block-spacer\"><\/div>\n\n\n\n<div class=\"wp-block-image\"><figure class=\"aligncenter is-resized\"><a href=\"https:\/\/duygugundes.info\" target=\"_blank\" rel=\"noreferrer noopener\"><img loading=\"lazy\" decoding=\"async\" src=\"https:\/\/upas.evvel.org\/wp-content\/uploads\/2019\/02\/50663700_10219580293117156_4261089478732414976_o.jpg\" alt=\"\" class=\"wp-image-678\" width=\"515\" height=\"644\"\/><\/a><\/figure><\/div>\n\n\n\n<p style=\"text-align:center\"><strong><a rel=\"noreferrer noopener\" href=\"https:\/\/duygugundes.info\/\" target=\"_blank\">Duygu G\u00fcnde\u015f<\/a><\/strong>&nbsp;(<strong>1976-2019)<\/strong><\/p>\n\n\n\n<p>10 Kas\u0131m 1976 tarihinde Ankara\u2019da d\u00fcnyaya gelen Duygu G\u00fcnde\u015f, 1994\u2019te Kad\u0131k\u00f6y Anadolu Lisesi\u2019nden, 1996\u2019da \u0130stanbul \u00dcniversitesi Turizm Otelcilik Meslek Y\u00fcksek Okulu\u2019ndan mezun oldu. 2005 ile 2007 y\u0131llar\u0131 aras\u0131nda Kanada\u2019da yer alan G\u00fcney Alberta \u0130ngilizce Dil Vak\u0131flar\u0131\u2019n\u0131n \u201cAmerikan Edebiyat\u0131 ve Yarat\u0131c\u0131 Yazarl\u0131k\u201d b\u00f6l\u00fcm\u00fcnde e\u011fitimini s\u00fcrd\u00fcrd\u00fc. \u00c7evirileri ve yaz\u0131lar\u0131 bir\u00e7ok edebiyat platformunda (Ka\u00e7ak Yay\u0131n, Yeni Harman, Koridor, Patika, EVV3L, Karga Mecmua, \u00dcvercinka) yay\u0131mlanan Duygu G\u00fcnde\u015f\u2019in \u201cPsikopat, Keith Ablow\u201d (Pegasus Yay\u0131nlar\u0131, 2008) ile \u201cDuman H\u0131rs\u0131z\u0131, Shana Abe\u201d (Erko Yay\u0131nc\u0131l\u0131k, 2007) ad\u0131nda iki roman \u00e7evirisi de bulunmaktad\u0131r.<\/p>\n\n\n\n<p>Ya\u015fam\u0131n\u0131n b\u00fcy\u00fck b\u00f6l\u00fcm\u00fcn\u00fc \u0130stanbul Kad\u0131k\u00f6y\u2019de (Fenerbah\u00e7e-Dalyan ve Erenk\u00f6y-Ethem Efendi\u2019de) ge\u00e7iren Duygu G\u00fcnde\u015f, 26 Ocak 2019 tarihinde Kad\u0131k\u00f6y\u2019de ya\u015fam\u0131na son vermi\u015ftir. Bilinen t\u00fcm \u00e7evirileri ve yaz\u0131lar\u0131&nbsp;<a href=\"https:\/\/duygugundes.info\/\" target=\"_blank\" rel=\"noreferrer noopener\" aria-label=\" (yeni sekmede a\u00e7\u0131l\u0131r)\">duygugundes.info<\/a>&nbsp;adresinde toplanm\u0131\u015ft\u0131r.<\/p>\n\n\n\n<hr class=\"wp-block-separator is-style-wide\"\/>\n\n\n\n<div style=\"height:20px\" aria-hidden=\"true\" class=\"wp-block-spacer\"><\/div>\n\n\n\n<div class=\"wp-block-image\"><figure class=\"aligncenter\"><a href=\"https:\/\/duygugundes.info\" target=\"_blank\" rel=\"noreferrer noopener\"><img loading=\"lazy\" decoding=\"async\" width=\"572\" height=\"567\" src=\"https:\/\/upas.evvel.org\/wp-content\/uploads\/2020\/01\/Clipboard01.jpg\" alt=\"\" class=\"wp-image-1151\"\/><\/a><\/figure><\/div>\n\n\n\n<p style=\"text-align:center\"> (Kup\u00fcr:&nbsp;<em>26 Ocak 2020, S\u00f6zc\u00fc Gazetesi, T\u00fcrkiye Bask\u0131s\u0131<\/em>) <\/p>\n\n\n\n<hr class=\"wp-block-separator is-style-wide\"\/>\n\n\n\n<div style=\"height:20px\" aria-hidden=\"true\" class=\"wp-block-spacer\"><\/div>\n\n\n\n<div class=\"wp-block-image\"><figure class=\"aligncenter\"><a href=\"https:\/\/upas.evvel.org\/olumculdefter.pdf\" target=\"_blank\" rel=\"noreferrer noopener\"><img loading=\"lazy\" decoding=\"async\" width=\"500\" height=\"494\" src=\"https:\/\/upas.evvel.org\/wp-content\/uploads\/2019\/11\/olumcul-1.jpg\" alt=\"\" class=\"wp-image-1045\"\/><\/a><\/figure><\/div>\n\n\n\n<p style=\"text-align:center\"><strong>\u00d6l\u00fcmc\u00fcl Defter<\/strong>, Zafer Yal\u00e7\u0131np\u0131nar<br>UPAS Yay\u0131n, Eyl\u00fcl 2019, 55 Sayfa<br>Okumak i\u00e7in:\u00a0<a rel=\"noreferrer noopener\" aria-label=\" (yeni sekmede a\u00e7\u0131l\u0131r)\" href=\"https:\/\/upas.evvel.org\/olumculdefter.pdf\" target=\"_blank\">upas.evvel.org\/olumculdefter.pdf<\/a><\/p>\n\n\n\n<hr class=\"wp-block-separator is-style-wide\"\/>\n\n\n\n<div style=\"height:20px\" aria-hidden=\"true\" class=\"wp-block-spacer\"><\/div>\n\n\n\n<div class=\"wp-block-image\"><figure class=\"aligncenter\"><a href=\"https:\/\/upas.evvel.org\/cevirisiirler.pdf\" target=\"_blank\" rel=\"noreferrer noopener\"><img loading=\"lazy\" decoding=\"async\" width=\"500\" height=\"545\" src=\"https:\/\/upas.evvel.org\/wp-content\/uploads\/2018\/09\/cevirisiirler-tanitim-1.jpg\" alt=\"\" class=\"wp-image-307\"\/><\/a><\/figure><\/div>\n\n\n\n<p style=\"text-align:center\"><strong>\u00c7eviri \u015eiirler<\/strong>, Duygu G\u00fcnde\u015f<br>UPAS Yay\u0131n\/\u015eiir, Eyl\u00fcl 2018, 30 Sayfa<br>(2. Edisyon, 3 \u015eubat 2019)<br>Okumak i\u00e7in:&nbsp;<a rel=\"noreferrer noopener\" aria-label=\" (yeni sekmede a\u00e7\u0131l\u0131r)\" href=\"https:\/\/upas.evvel.org\/cevirisiirler.pdf\" target=\"_blank\">upas.evvel.org\/cevirisiirler.pdf<\/a><\/p>\n\n\n\n<hr class=\"wp-block-separator is-style-wide\"\/>\n\n\n\n<p style=\"text-align:center\"><em>William Blake, Charles Bukowski,<br>Leonard Cohen,&nbsp;<\/em><em>Emily Dickinson,<br>George Eliot, John Milton, Pablo Neruda,<\/em><br><em>Carl Sandburg, Sappho, Robert Snyder,<br>Humbert Wolfe,&nbsp;<\/em><em>Andrei Voznesenski,<br>William Butler Yeats<\/em><\/p>\n\n\n\n<hr class=\"wp-block-separator is-style-wide\"\/>\n\n\n\n<p><em>\u201cYeni Harman<\/em>&nbsp;ve&nbsp;<em>Ka\u00e7ak Yay\u0131n<\/em>&nbsp;gibi edebiyat dergilerinden tan\u0131d\u0131\u011f\u0131m\u0131z&nbsp;<strong>Duygu G\u00fcnde\u015f<\/strong>\u2018in 2000\u2019li y\u0131llar\u0131n ba\u015f\u0131ndan g\u00fcn\u00fcm\u00fcze \u00f6zenle ger\u00e7ekle\u015ftirdi\u011fi \u015fiir \u00e7evirileri (13 \u015fairden 21 \u015fiir) bu kitapta b\u00fct\u00fcnleniyor.&nbsp;<a href=\"https:\/\/upas.evvel.org\/cevirisiirler.pdf\" target=\"_blank\" rel=\"noreferrer noopener\" aria-label=\" (yeni sekmede a\u00e7\u0131l\u0131r)\">\u00c7eviri \u015eiirler<\/a>,&nbsp;<strong>William Blake<\/strong>\u2018den&nbsp;<strong>Charles Bukowski<\/strong>\u2018ye uzanan geni\u015f bir yelpazede edebiyat\u0131n g\u00fc\u00e7l\u00fc \u015fairlerinden imgesel k\u0131v\u0131lc\u0131mlar yans\u0131t\u0131yor.\u201d<\/p>\n","protected":false},"excerpt":{"rendered":"","protected":false},"author":1,"featured_media":0,"comment_status":"closed","ping_status":"closed","sticky":false,"template":"","format":"standard","meta":{"footnotes":""},"categories":[1],"tags":[],"class_list":["post-1150","post","type-post","status-publish","format-standard","hentry","category-uncategorized","comments-off"],"_links":{"self":[{"href":"https:\/\/upas.evvel.org\/index.php?rest_route=\/wp\/v2\/posts\/1150","targetHints":{"allow":["GET"]}}],"collection":[{"href":"https:\/\/upas.evvel.org\/index.php?rest_route=\/wp\/v2\/posts"}],"about":[{"href":"https:\/\/upas.evvel.org\/index.php?rest_route=\/wp\/v2\/types\/post"}],"author":[{"embeddable":true,"href":"https:\/\/upas.evvel.org\/index.php?rest_route=\/wp\/v2\/users\/1"}],"replies":[{"embeddable":true,"href":"https:\/\/upas.evvel.org\/index.php?rest_route=%2Fwp%2Fv2%2Fcomments&post=1150"}],"version-history":[{"count":4,"href":"https:\/\/upas.evvel.org\/index.php?rest_route=\/wp\/v2\/posts\/1150\/revisions"}],"predecessor-version":[{"id":2009,"href":"https:\/\/upas.evvel.org\/index.php?rest_route=\/wp\/v2\/posts\/1150\/revisions\/2009"}],"wp:attachment":[{"href":"https:\/\/upas.evvel.org\/index.php?rest_route=%2Fwp%2Fv2%2Fmedia&parent=1150"}],"wp:term":[{"taxonomy":"category","embeddable":true,"href":"https:\/\/upas.evvel.org\/index.php?rest_route=%2Fwp%2Fv2%2Fcategories&post=1150"},{"taxonomy":"post_tag","embeddable":true,"href":"https:\/\/upas.evvel.org\/index.php?rest_route=%2Fwp%2Fv2%2Ftags&post=1150"}],"curies":[{"name":"wp","href":"https:\/\/api.w.org\/{rel}","templated":true}]}}