{"id":1183,"date":"2020-02-28T12:22:36","date_gmt":"2020-02-28T10:22:36","guid":{"rendered":"https:\/\/upas.evvel.org\/?p=1183"},"modified":"2020-02-28T12:37:47","modified_gmt":"2020-02-28T10:37:47","slug":"siki-sarki-karanligin-en-dibindeyim-emir-alisipahi","status":"publish","type":"post","link":"https:\/\/upas.evvel.org\/?p=1183","title":{"rendered":"S\u0131k\u0131 \u015eark\u0131: \u201cKaranl\u0131\u011f\u0131n En Dibindeyim\u201d (Emir Alisipahi)"},"content":{"rendered":"\n<div style=\"height:20px\" aria-hidden=\"true\" class=\"wp-block-spacer\"><\/div>\n\n\n\n<div class=\"wp-block-image\"><figure class=\"aligncenter is-resized\"><a href=\"https:\/\/bit.ly\/karanligindibi\" target=\"_blank\" rel=\"noreferrer noopener\"><img loading=\"lazy\" decoding=\"async\" src=\"https:\/\/upas.evvel.org\/wp-content\/uploads\/2020\/02\/IMG-20200227-WA0007.jpg\" alt=\"\" class=\"wp-image-1184\" width=\"605\" height=\"605\"\/><\/a><\/figure><\/div>\n\n\n\n<p style=\"text-align:center\"><strong>\u201cKaranl\u0131\u011f\u0131n En Dibindeyim\u201d<\/strong> EM\u0130R AL\u0130S\u0130PAH\u0130<br><strong>Spotify<\/strong>\u2018da dinlemek i\u00e7in: <a rel=\"noreferrer noopener\" aria-label=\" (yeni sekmede a\u00e7\u0131l\u0131r)\" href=\"https:\/\/bit.ly\/karanligindibi\" target=\"_blank\">bit.ly\/karanligindibi<\/a><\/p>\n\n\n\n<hr class=\"wp-block-separator is-style-wide\"\/>\n\n\n\n<center><iframe loading=\"lazy\" src=\"https:\/\/www.youtube.com\/embed\/mYoCKRgDCNc\" allowfullscreen=\"\" width=\"560\" height=\"315\"><\/iframe><\/center>\n\n\n\n<hr class=\"wp-block-separator is-style-wide\"\/>\n\n\n\n<p style=\"text-align:left\">S\u00f6z &amp; M\u00fczik &amp; D\u00fczenleme &amp; Vokal: <strong>Emir Alisipahi<\/strong><br>Gitarlar: <strong>Bora Sar\u0131, Ya\u011fmur Kerestecio\u011flu, Emir Alisipahi<\/strong><br>Davul: <strong>Burak \u00c7evik<\/strong> Bas: <strong>Berkay Ayg\u00f6r<\/strong><br>Klavye: <strong>Ya\u011fmur Kerestecio\u011flu<\/strong><br>Mix&amp;Mastering: <strong>Umut Tosun<\/strong><br>G\u00f6rsel \u00c7al\u0131\u015fmalar: <strong>H. Furkan D\u00fczg\u00fcn, Halil Ko\u00e7, \u00d6mer Akda\u011f<\/strong><br>Kay\u0131t<strong>:<\/strong> <strong>Studio Josephine, Studio Tantana, Furkan ROE<\/strong> <\/p>\n\n\n\n<hr class=\"wp-block-separator is-style-wide\"\/>\n\n\n\n<blockquote style=\"text-align:left\" class=\"wp-block-quote is-layout-flow wp-block-quote-is-layout-flow\"><p><strong>S\u00f6zler:<\/strong><br><br>sen \u00e7\u0131k\u0131p geldin, birden bire<br>kendimi buldum gibi, derinlerinde<br>iki kadehle sarho\u015f olmu\u015fum ben \u015fimdi<br>birden bire, ondan ikiye<br><br>karanl\u0131\u011f\u0131n en dibindeyim<br>yolunu kaybetme, dikkat et<br>gel gel gel, beni g\u00fcnd\u00fcze \u00e7\u0131kar<br>\u00e7ok ge\u00e7, olmadan pusulan\u0131 \u00e7\u0131kar<br><br>bendimi buldum gibi, birden bire<br>tam ray\u0131na oturmu\u015f bir s\u00f6zc\u00fc\u011f\u00fcm, \u015fimdi<br>sat\u0131r\u0131n en ucunday\u0131m, d\u00fc\u015f\u00fcyorum gibi<br>yolunu kaybetmi\u015f bir berdu\u015fum ben<\/p><p>karanl\u0131\u011f\u0131n en dibindeyim<br>yolunu kaybetme, dikkat et<br>gel gel gel, beni g\u00fcnd\u00fcze \u00e7\u0131kar<br>\u00e7ok ge\u00e7, olmadan pusulan\u0131 \u00e7\u0131kar <\/p><\/blockquote>\n\n\n\n<hr class=\"wp-block-separator is-style-wide\"\/>\n\n\n\n<p style=\"text-align:center\"><strong>Upas Yay\u0131n<\/strong>\u2018da Emir Alisipahi Eserleri: <br><a rel=\"noreferrer noopener\" aria-label=\" (yeni sekmede a\u00e7\u0131l\u0131r)\" href=\"https:\/\/upas.evvel.org\/?tag=emir-alisipahi\" target=\"_blank\">https:\/\/upas.evvel.org\/?tag=emir-alisipahi<\/a><\/p>\n\n\n\n<hr class=\"wp-block-separator is-style-wide\"\/>\n\n\n\n<p style=\"text-align:center\">Emir Alisipahi\u2019nin <strong>Sosyal Medya Hesaplar\u0131:<\/strong><br>Instagram:  <a rel=\"noreferrer noopener\" href=\"https:\/\/instagram.com\/emiralisipahic\" target=\"_blank\">@emiralisipahic<\/a><br>Twitter: <a href=\"https:\/\/twitter.com\/EmirAlisipahi\" target=\"_blank\" rel=\"noreferrer noopener\" aria-label=\" (yeni sekmede a\u00e7\u0131l\u0131r)\">@EmirAlisipahi<\/a> <\/p>\n\n\n\n<p><\/p>\n","protected":false},"excerpt":{"rendered":"","protected":false},"author":1,"featured_media":0,"comment_status":"closed","ping_status":"closed","sticky":false,"template":"","format":"standard","meta":{"footnotes":""},"categories":[24,1],"tags":[87],"class_list":["post-1183","post","type-post","status-publish","format-standard","hentry","category-gorungu","category-uncategorized","tag-emir-alisipahi","comments-off"],"_links":{"self":[{"href":"https:\/\/upas.evvel.org\/index.php?rest_route=\/wp\/v2\/posts\/1183","targetHints":{"allow":["GET"]}}],"collection":[{"href":"https:\/\/upas.evvel.org\/index.php?rest_route=\/wp\/v2\/posts"}],"about":[{"href":"https:\/\/upas.evvel.org\/index.php?rest_route=\/wp\/v2\/types\/post"}],"author":[{"embeddable":true,"href":"https:\/\/upas.evvel.org\/index.php?rest_route=\/wp\/v2\/users\/1"}],"replies":[{"embeddable":true,"href":"https:\/\/upas.evvel.org\/index.php?rest_route=%2Fwp%2Fv2%2Fcomments&post=1183"}],"version-history":[{"count":6,"href":"https:\/\/upas.evvel.org\/index.php?rest_route=\/wp\/v2\/posts\/1183\/revisions"}],"predecessor-version":[{"id":1191,"href":"https:\/\/upas.evvel.org\/index.php?rest_route=\/wp\/v2\/posts\/1183\/revisions\/1191"}],"wp:attachment":[{"href":"https:\/\/upas.evvel.org\/index.php?rest_route=%2Fwp%2Fv2%2Fmedia&parent=1183"}],"wp:term":[{"taxonomy":"category","embeddable":true,"href":"https:\/\/upas.evvel.org\/index.php?rest_route=%2Fwp%2Fv2%2Fcategories&post=1183"},{"taxonomy":"post_tag","embeddable":true,"href":"https:\/\/upas.evvel.org\/index.php?rest_route=%2Fwp%2Fv2%2Ftags&post=1183"}],"curies":[{"name":"wp","href":"https:\/\/api.w.org\/{rel}","templated":true}]}}