{"id":1274,"date":"2020-05-16T12:32:54","date_gmt":"2020-05-16T09:32:54","guid":{"rendered":"https:\/\/upas.evvel.org\/?p=1274"},"modified":"2020-05-16T12:32:54","modified_gmt":"2020-05-16T09:32:54","slug":"set-emir-alisipahi","status":"publish","type":"post","link":"https:\/\/upas.evvel.org\/?p=1274","title":{"rendered":"SET (Emir Alisipahi)"},"content":{"rendered":"\n<blockquote class=\"wp-block-quote is-layout-flow wp-block-quote-is-layout-flow\"><p> kesik k\u00f6rlerde,<br> el-li sa\u011f\u0131rlarda <br> a\u011f\u0131rland\u0131m.<br> efsununu yitirmi\u015f g\u00f6vdemde,<br> dizgini \u00e7eki\u015ftirilen <br> bir at gibiydi kafam.<br> d\u00fc\u015f\u00fcnmeye mahal yok.<\/p><p> m\u00fcmk\u00fcn kadar <br> kesin ve sefildi hislerim.<br> bir dirsek gibi,<br> vard\u0131m.<br> ve bir bak\u0131\u015f kadar,<br> yoktum.<br> ve bir duru\u015f kadar,<br> azd\u0131m.<br> ve bir \u00e7ift g\u00f6z kadar,<br> nedensizdim.<br> hamd\u0131m, yand\u0131m. pi\u015ftim,<br> yaln\u0131zca denize,<br> \u015f\u00f6yle bi g\u00f6z gezdirdim.<br> ve- inand\u0131\u011f\u0131m her \u015fey,<br> yaln\u0131zl\u0131k gibi.<br> d\u00fc\u015f\u00fcnmeye mahal yok.<\/p><p> (anlam-ara-yorum)<br> anlam\u0131yorum.<br> de ki:<br> hi\u00e7birimiz bir hi\u00e7,<br> birimiz hi\u00e7 beni,<br> olamad\u0131ysa, kendimizin?<\/p><p> i\u015fte \u015fimdi,<br> seni bir yere koymak,<br> bir yeri sana koymak<br> kadard\u0131.<br> \u00fczg\u00fcn\u00fcm.<br> kargalar, beyazd\u0131r da.<br> d\u00fc\u015f\u00fcnmeye mahal yok.<\/p><p> hareketsizdim,<br> olanaks\u0131z.<br> uyumsuz, bir olanaks\u0131z.<br> bir \u015fuursuz, olanaks\u0131z.<br> kocaman bir,<br> bo\u015fluk.<br> ve sanc\u0131,<br> d\u00fcped\u00fcz a\u011f\u0131rl\u0131k.<\/p><p> unutu\u015f kadar m\u0131d\u0131r utan\u0131\u015f?<br> \u00f6l\u00e7elim de, hani?<br> sanki bi kar\u0131ncay\u0131 \u00f6pseydim,<br> d\u00fczelir miydi? <br> diyorum.<br> ah diyorum, ke\u015fke.<\/p><p> olmak.<br> olmak ki, kopar\u0131ld\u0131\u011f\u0131m\u0131z yerden.<br> \u00f6v\u00fcnleri atlat\u0131r\u0131z,<br> \u00f6\u011f\u00fcnleri atlamadan,<br> yiyi\u015fmeli.<br> d\u00fc\u015f\u00fcnmeye mahal yok.<\/p><p>\u201chan\u0131mabiler ve beyablalar.<br> eril ve di\u015fil a\u011f\u0131rl\u0131ks\u0131z,<br> tezah\u00fcrler.<br> hacetten evvel i\u00e7tik s\u00fct\u00fcm\u00fcz\u00fc.<br> i\u00e7tik ki, kim oldu\u011fumuz, bilinsin.\u201d<\/p><p> (ba\u015flamak, k\u0131r\u0131lmak ve \u00f6z.)<\/p><p> ba\u015fla!<br> ba\u015fla k\u0131r\u0131l, <br> k\u0131r\u0131l \u00f6z\u00fcne.<br> sessizlik!<br> bu titre\u015fim, niye?<\/p><p> g\u00f6rmekte<br> g\u00f6rmemi\u015flik,<br> ola\u011fand\u0131r.<br> yaln\u0131z-ca, g\u00f6zle.<br> her ge\u00e7en g\u00fcn,<br> yan\u0131lt kendini,<br> kendinden.<br> \u00f6z ile.<\/p><p> \u00e7evir.<br> \u00e7evir ki d\u00f6ns\u00fcn,<br> d\u00f6n\u00fc\u015f\u00fcm.<br> g\u00f6r\u00fc\u015fs\u00fcz g\u00f6z ile <br> g\u00f6zle.<br> kalb ile g\u00f6zle.<br> yolun, alt\u0131ndan <br> olana dek,<br> ak\u0131t<br> k\u00f6\u015felerine,<br> \u00f6z\u00fcn\u00fc.<br> da\u011f\u0131l.<\/p><p> d\u00fc\u015f\u00fcnmeyi kay\u0131r.<br> kay\u0131r ki a\u011fz\u0131 y\u0131rt\u0131ls\u0131n ge\u00e7mi\u015fin.<br> al\u0131koy gelece\u011fi,<br> ve \u00e7i\u011fne sarkac\u0131n cesedini.<\/p><p> &#8216;cehennet&#8217; diyorum.<br> arafta, yoktur \u00f6tesi.<\/p><p> burada, <br> var\u0131\u015fs\u0131z bir ku\u015f <br> palazlan\u0131yor g\u00f6\u011fs\u00fcne.<br> burada; <br> olacak olan.<br> d\u00fc\u015f\u00fcnmeye mahal yok.<\/p><\/blockquote>\n\n\n\n<p><a rel=\"noreferrer noopener\" aria-label=\"Emir AL\u0130S\u0130PAH\u0130 (yeni sekmede a\u00e7\u0131l\u0131r)\" href=\"https:\/\/upas.evvel.org\/?tag=emir-alisipahi\" target=\"_blank\"><strong>Emir AL\u0130S\u0130PAH\u0130<\/strong><\/a><br>May\u0131s, 2020<br><\/p>\n","protected":false},"excerpt":{"rendered":"","protected":false},"author":1,"featured_media":0,"comment_status":"closed","ping_status":"closed","sticky":false,"template":"","format":"standard","meta":{"footnotes":""},"categories":[1],"tags":[87],"class_list":["post-1274","post","type-post","status-publish","format-standard","hentry","category-uncategorized","tag-emir-alisipahi","comments-off"],"_links":{"self":[{"href":"https:\/\/upas.evvel.org\/index.php?rest_route=\/wp\/v2\/posts\/1274","targetHints":{"allow":["GET"]}}],"collection":[{"href":"https:\/\/upas.evvel.org\/index.php?rest_route=\/wp\/v2\/posts"}],"about":[{"href":"https:\/\/upas.evvel.org\/index.php?rest_route=\/wp\/v2\/types\/post"}],"author":[{"embeddable":true,"href":"https:\/\/upas.evvel.org\/index.php?rest_route=\/wp\/v2\/users\/1"}],"replies":[{"embeddable":true,"href":"https:\/\/upas.evvel.org\/index.php?rest_route=%2Fwp%2Fv2%2Fcomments&post=1274"}],"version-history":[{"count":1,"href":"https:\/\/upas.evvel.org\/index.php?rest_route=\/wp\/v2\/posts\/1274\/revisions"}],"predecessor-version":[{"id":1275,"href":"https:\/\/upas.evvel.org\/index.php?rest_route=\/wp\/v2\/posts\/1274\/revisions\/1275"}],"wp:attachment":[{"href":"https:\/\/upas.evvel.org\/index.php?rest_route=%2Fwp%2Fv2%2Fmedia&parent=1274"}],"wp:term":[{"taxonomy":"category","embeddable":true,"href":"https:\/\/upas.evvel.org\/index.php?rest_route=%2Fwp%2Fv2%2Fcategories&post=1274"},{"taxonomy":"post_tag","embeddable":true,"href":"https:\/\/upas.evvel.org\/index.php?rest_route=%2Fwp%2Fv2%2Ftags&post=1274"}],"curies":[{"name":"wp","href":"https:\/\/api.w.org\/{rel}","templated":true}]}}