{"id":1284,"date":"2020-05-31T10:31:49","date_gmt":"2020-05-31T07:31:49","guid":{"rendered":"https:\/\/upas.evvel.org\/?p=1284"},"modified":"2022-04-19T21:41:29","modified_gmt":"2022-04-19T18:41:29","slug":"cumba-emrah-sonmezisik","status":"publish","type":"post","link":"https:\/\/upas.evvel.org\/?p=1284","title":{"rendered":"\u201cCumba\u201d (Emrah S\u00f6nmez\u0131\u015f\u0131k)"},"content":{"rendered":"\n<div style=\"height:20px\" aria-hidden=\"true\" class=\"wp-block-spacer\"><\/div>\n\n\n\n<div class=\"wp-block-image\"><figure class=\"aligncenter is-resized\"><a href=\"https:\/\/upas.evvel.org\/cumba.pdf\" target=\"_blank\" rel=\"noreferrer noopener\"><img loading=\"lazy\" decoding=\"async\" src=\"https:\/\/upas.evvel.org\/wp-content\/uploads\/2020\/05\/cumba-k.jpg\" alt=\"\" class=\"wp-image-1288\" width=\"541\" height=\"579\"\/><\/a><\/figure><\/div>\n\n\n\n<p style=\"text-align:center\"><strong>\u0130kindiliklerde -Cumba-<\/strong><br>Emrah S\u00f6nmez\u0131\u015f\u0131k<br>UPAS Yay\u0131n\/\u015eiir, May\u0131s 2020, 18 Sayfa<br>Okumak i\u00e7in: <a rel=\"noreferrer noopener\" aria-label=\" (yeni sekmede a\u00e7\u0131l\u0131r)\" href=\"https:\/\/upas.evvel.org\/cumba.pdf\" target=\"_blank\">upas.evvel.org\/cumba.pdf<\/a><\/p>\n\n\n\n<p><strong>Emrah S\u00f6nmez\u0131\u015f\u0131k<\/strong>, <a rel=\"noreferrer noopener\" aria-label=\" (yeni sekmede a\u00e7\u0131l\u0131r)\" href=\"https:\/\/upas.evvel.org\/ikindiliklerde.pdf\" target=\"_blank\">K\u0131r\u0131k K\u00fcp<\/a>\u2018ten <a href=\"https:\/\/upas.evvel.org\/cumba.pdf\" target=\"_blank\" rel=\"noreferrer noopener\" aria-label=\" (yeni sekmede a\u00e7\u0131l\u0131r)\">Cumba<\/a>&#8216;ya uzanan y\u00fckl\u00fc yolculu\u011funda, okuyucunun imgelemine &#8216;ba\u011flanmam\u0131\u015f d\u00fc\u011f\u00fcmler&#8217; ve &#8216;y\u0131pranmam\u0131\u015f bir deniz&#8217; ta\u015f\u0131makta kararl\u0131 bir tav\u0131r sergiliyor. S\u00f6nmez\u0131\u015f\u0131k&#8217;\u0131n icat etti\u011fi \u015fiirsel ilmekler ve bu ilmeklerin y\u00fcklendi\u011fi ara-duygulan\u0131mlar\u0131 (<strong>\u0130kindiliklerde<\/strong> serisini) defalarca okuyarak i\u00e7selle\u015ftirmenizi \u00f6neriyorum. <em>(Zafer Yal\u00e7\u0131np\u0131nar)<\/em><\/p>\n\n\n\n<p><\/p>\n","protected":false},"excerpt":{"rendered":"","protected":false},"author":1,"featured_media":0,"comment_status":"closed","ping_status":"closed","sticky":false,"template":"","format":"standard","meta":{"footnotes":""},"categories":[5],"tags":[86],"class_list":["post-1284","post","type-post","status-publish","format-standard","hentry","category-yayinlar","tag-emrah-sonmezisik","comments-off"],"_links":{"self":[{"href":"https:\/\/upas.evvel.org\/index.php?rest_route=\/wp\/v2\/posts\/1284","targetHints":{"allow":["GET"]}}],"collection":[{"href":"https:\/\/upas.evvel.org\/index.php?rest_route=\/wp\/v2\/posts"}],"about":[{"href":"https:\/\/upas.evvel.org\/index.php?rest_route=\/wp\/v2\/types\/post"}],"author":[{"embeddable":true,"href":"https:\/\/upas.evvel.org\/index.php?rest_route=\/wp\/v2\/users\/1"}],"replies":[{"embeddable":true,"href":"https:\/\/upas.evvel.org\/index.php?rest_route=%2Fwp%2Fv2%2Fcomments&post=1284"}],"version-history":[{"count":9,"href":"https:\/\/upas.evvel.org\/index.php?rest_route=\/wp\/v2\/posts\/1284\/revisions"}],"predecessor-version":[{"id":1931,"href":"https:\/\/upas.evvel.org\/index.php?rest_route=\/wp\/v2\/posts\/1284\/revisions\/1931"}],"wp:attachment":[{"href":"https:\/\/upas.evvel.org\/index.php?rest_route=%2Fwp%2Fv2%2Fmedia&parent=1284"}],"wp:term":[{"taxonomy":"category","embeddable":true,"href":"https:\/\/upas.evvel.org\/index.php?rest_route=%2Fwp%2Fv2%2Fcategories&post=1284"},{"taxonomy":"post_tag","embeddable":true,"href":"https:\/\/upas.evvel.org\/index.php?rest_route=%2Fwp%2Fv2%2Ftags&post=1284"}],"curies":[{"name":"wp","href":"https:\/\/api.w.org\/{rel}","templated":true}]}}