{"id":1391,"date":"2020-09-07T16:46:01","date_gmt":"2020-09-07T13:46:01","guid":{"rendered":"https:\/\/upas.evvel.org\/?p=1391"},"modified":"2022-04-19T21:39:02","modified_gmt":"2022-04-19T18:39:02","slug":"kadikoyden-son-cikis-rafet-arslan","status":"publish","type":"post","link":"https:\/\/upas.evvel.org\/?p=1391","title":{"rendered":"&#8220;Kad\u0131k\u00f6y&#8217;den Son \u00c7\u0131k\u0131\u015f&#8221; (Rafet Arslan)"},"content":{"rendered":"\n<div style=\"height:20px\" aria-hidden=\"true\" class=\"wp-block-spacer\"><\/div>\n\n\n\n<div class=\"wp-block-image\"><figure class=\"aligncenter is-resized\"><a href=\"https:\/\/upas.evvel.org\/kadikoysoncikis.pdf\" target=\"_blank\" rel=\"noreferrer noopener\"><img loading=\"lazy\" decoding=\"async\" src=\"https:\/\/upas.evvel.org\/wp-content\/uploads\/2020\/09\/soncikis-kadikoy.jpg\" alt=\"\" class=\"wp-image-1396\" width=\"502\" height=\"627\"\/><\/a><\/figure><\/div>\n\n\n\n<p style=\"text-align:center\"><strong>Kad\u0131k\u00f6y&#8217;den Son \u00c7\u0131k\u0131\u015f<\/strong>, Rafet Arslan<br>UPAS Yay\u0131n\/\u015eiir, Eyl\u00fcl 2020, 26 Sayfa<br>Okumak i\u00e7in: <a rel=\"noreferrer noopener\" aria-label=\" (yeni sekmede a\u00e7\u0131l\u0131r)\" href=\"https:\/\/upas.evvel.org\/kadikoysoncikis.pdf\" target=\"_blank\">upas.evvel.org\/kadikoysoncikis.pdf<\/a><\/p>\n\n\n\n<p>&#8220;Bu kitap <strong>Rafet Arslan<\/strong>\u2018\u0131n gayriresm\u00ee -ve ki\u015fisel- Kad\u0131k\u00f6y tarihinin saf \u015fiire d\u00f6n\u00fc\u015fm\u00fc\u015f ahvalidir. \u0130mgelemin \u00d6zg\u00fcrle\u015fmesi&#8217;ne g\u00fc\u00e7 veren sanat\u00e7\u0131 dostlar\u0131yla birlikte Rafet Arslan, <a href=\"https:\/\/upas.evvel.org\/kadikoysoncikis.pdf\" target=\"_blank\" rel=\"noreferrer noopener\" aria-label=\" (yeni sekmede a\u00e7\u0131l\u0131r)\">Kad\u0131k\u00f6y&#8217;den Son \u00c7\u0131k\u0131\u015f<\/a>&#8216;taki t\u00fckeni\u015f \u00e2n\u0131nda her \u015feyin -evrenin bile- ac\u0131yla bi\u00e7imlenen y\u0131k\u0131m\u0131n\u0131 omuzluyor!&#8221; <strong>(Zy) <\/strong><\/p>\n","protected":false},"excerpt":{"rendered":"","protected":false},"author":1,"featured_media":0,"comment_status":"closed","ping_status":"closed","sticky":false,"template":"","format":"standard","meta":{"footnotes":""},"categories":[24,5],"tags":[97,83,40,18],"class_list":["post-1391","post","type-post","status-publish","format-standard","hentry","category-gorungu","category-yayinlar","tag-ceren-findik","tag-rad-dar","tag-rafet-arslan","tag-zafer-yalcinpinar","comments-off"],"_links":{"self":[{"href":"https:\/\/upas.evvel.org\/index.php?rest_route=\/wp\/v2\/posts\/1391","targetHints":{"allow":["GET"]}}],"collection":[{"href":"https:\/\/upas.evvel.org\/index.php?rest_route=\/wp\/v2\/posts"}],"about":[{"href":"https:\/\/upas.evvel.org\/index.php?rest_route=\/wp\/v2\/types\/post"}],"author":[{"embeddable":true,"href":"https:\/\/upas.evvel.org\/index.php?rest_route=\/wp\/v2\/users\/1"}],"replies":[{"embeddable":true,"href":"https:\/\/upas.evvel.org\/index.php?rest_route=%2Fwp%2Fv2%2Fcomments&post=1391"}],"version-history":[{"count":5,"href":"https:\/\/upas.evvel.org\/index.php?rest_route=\/wp\/v2\/posts\/1391\/revisions"}],"predecessor-version":[{"id":1930,"href":"https:\/\/upas.evvel.org\/index.php?rest_route=\/wp\/v2\/posts\/1391\/revisions\/1930"}],"wp:attachment":[{"href":"https:\/\/upas.evvel.org\/index.php?rest_route=%2Fwp%2Fv2%2Fmedia&parent=1391"}],"wp:term":[{"taxonomy":"category","embeddable":true,"href":"https:\/\/upas.evvel.org\/index.php?rest_route=%2Fwp%2Fv2%2Fcategories&post=1391"},{"taxonomy":"post_tag","embeddable":true,"href":"https:\/\/upas.evvel.org\/index.php?rest_route=%2Fwp%2Fv2%2Ftags&post=1391"}],"curies":[{"name":"wp","href":"https:\/\/api.w.org\/{rel}","templated":true}]}}