{"id":1449,"date":"2020-10-31T14:57:44","date_gmt":"2020-10-31T12:57:44","guid":{"rendered":"https:\/\/upas.evvel.org\/?p=1449"},"modified":"2021-08-05T22:31:52","modified_gmt":"2021-08-05T19:31:52","slug":"%ef%bb%bfece-ayhana-dair-gaye-su-akyola-acik-mektup","status":"publish","type":"post","link":"https:\/\/upas.evvel.org\/?p=1449","title":{"rendered":"\ufeffEce Ayhan\u2019a dair\u2026 Gaye Su Akyol\u2019a A\u00e7\u0131k Mektup"},"content":{"rendered":"\n<p><strong>Gaye Su Akyol Han\u0131m,<\/strong><\/p>\n\n\n\n<p>\u00c7ok uzatmadan, k\u0131saca, ayakta -aya\u011fa kalkarak- yazaca\u011f\u0131m size\u2026 <strong>\u201cYort Savul: Bir \u0130syan Manifestosu\u201d<\/strong>\n ba\u015fl\u0131kl\u0131 yeni piyasa mamul\u00fcn\u00fcz\u00fc ve i\u015fbu mamulde Ece Ayhan\u2019\u0131n \u015fiirsel \ng\u00fcc\u00fcn\u00fc k\u00f6t\u00fcye kullanma bi\u00e7iminizi g\u00f6rd\u00fck, inceledik, \u00e7ok \u00fcz\u00fcld\u00fck. T\u00fcrk \n\u015fiirinin zirvelerinden biri olan Ece Ayhan\u2019a \u201cselam \u00e7akmak\u201d ya da Ece \nAyhan\u2019\u0131 yeni nesil pop\u00fcler k\u00fclt\u00fcr\u00fcn -i\u011fdi\u015f edici, h\u0131zl\u0131 t\u00fcketimsel- \nalan\u0131nda harcamak sizin (veya t\u00fcrevlerinizin) haddi de\u011fildir. Bunu \n-\u00f6ncelikle- biliniz.<\/p>\n\n\n\n<p>Eski pop\u00fcleritenizi kaybetmi\u015f olman\u0131zdan kaynaklan\u0131yor ki yeni \nmamullerinizde ne yapaca\u011f\u0131n\u0131z\u0131, neyi t\u00fcketece\u011finizi\/t\u00fckettirece\u011finizi \n\u015fa\u015f\u0131rm\u0131\u015f durumdas\u0131n\u0131z. B\u00f6ylesi \u00e7\u0131kmaz sokaklara mecbur ve maruz \nkalman\u0131za da -sizin yerinize- \u00e7ok \u00fcz\u00fcl\u00fcyoruz.<\/p>\n\n\n\n<p>Sonu\u00e7 olarak s\u00f6yleyece\u011fimiz \u015fey \u015fudur: Ece Ayhan ve \u015fiirleri, \ny\u0131llard\u0131r alt-k\u00fclt\u00fcr makyaj\u0131yla mayalanan yeni nesil pop\u00e7u taifesinin \ni\u011fdi\u015f edici tuhafl\u0131klar\u0131n\u0131n basit bir mezesi de\u011fildir. \u015eimdi, s\u00f6ylemi \nilerletelim: Ece Ayhan\u2019\u0131n ve T\u00fcrk \u015fiirinin \u015ferefi, sizin pop\/arabesk \n\u015fark\u0131ms\u0131lar\u0131n\u0131zda ifade etmeye \u00e7al\u0131\u015ft\u0131\u011f\u0131n\u0131z t\u00fcrden ucuz bir \u015fey \nde\u011fildir. Hatta, Ece Ayhan\u2019\u0131n ve T\u00fcrk \u015fiirinin \u015ferefinin sizin ifade \netmeye \u00e7al\u0131\u015ft\u0131klar\u0131n\u0131z\u0131n tam tersi oldu\u011funu -a\u00e7\u0131k\u00e7a ve rahatl\u0131kla- \ns\u00f6yleyebiliriz. S\u00f6yleriz de.<\/p>\n\n\n\n<p><strong><a href=\"https:\/\/www.zaferyalcinpinar.info\">Zafer Yal\u00e7\u0131np\u0131nar<\/a><br>30 Ekim 2020<\/strong><\/p>\n\n\n\n<hr class=\"wp-block-separator is-style-wide\"\/>\n\n\n\n<p><strong>Hami\u015f:<\/strong> EVV3L kapsam\u0131nda yay\u0131mlanan \u201cEce Ayhan\u201d ba\u015fl\u0131kl\u0131 \u00e7al\u0131\u015fmalara <a rel=\"noreferrer noopener\" href=\"https:\/\/bit.ly\/eceindeks\" target=\"_blank\">https:\/\/bit.ly\/eceindeks<\/a> adresinden, Ece Ayhan web sitesine ise <a rel=\"noreferrer noopener\" href=\"https:\/\/zaferyalcinpinar.com\/bakissiz.html\" target=\"_blank\">https:\/\/zaferyalcinpinar.com\/bakissiz.html<\/a> adresinden ula\u015fabilirsiniz. <\/p>\n","protected":false},"excerpt":{"rendered":"","protected":false},"author":1,"featured_media":0,"comment_status":"closed","ping_status":"closed","sticky":false,"template":"","format":"standard","meta":{"footnotes":""},"categories":[1],"tags":[78,18],"class_list":["post-1449","post","type-post","status-publish","format-standard","hentry","category-uncategorized","tag-ece-ayhan","tag-zafer-yalcinpinar","comments-off"],"_links":{"self":[{"href":"https:\/\/upas.evvel.org\/index.php?rest_route=\/wp\/v2\/posts\/1449","targetHints":{"allow":["GET"]}}],"collection":[{"href":"https:\/\/upas.evvel.org\/index.php?rest_route=\/wp\/v2\/posts"}],"about":[{"href":"https:\/\/upas.evvel.org\/index.php?rest_route=\/wp\/v2\/types\/post"}],"author":[{"embeddable":true,"href":"https:\/\/upas.evvel.org\/index.php?rest_route=\/wp\/v2\/users\/1"}],"replies":[{"embeddable":true,"href":"https:\/\/upas.evvel.org\/index.php?rest_route=%2Fwp%2Fv2%2Fcomments&post=1449"}],"version-history":[{"count":2,"href":"https:\/\/upas.evvel.org\/index.php?rest_route=\/wp\/v2\/posts\/1449\/revisions"}],"predecessor-version":[{"id":1733,"href":"https:\/\/upas.evvel.org\/index.php?rest_route=\/wp\/v2\/posts\/1449\/revisions\/1733"}],"wp:attachment":[{"href":"https:\/\/upas.evvel.org\/index.php?rest_route=%2Fwp%2Fv2%2Fmedia&parent=1449"}],"wp:term":[{"taxonomy":"category","embeddable":true,"href":"https:\/\/upas.evvel.org\/index.php?rest_route=%2Fwp%2Fv2%2Fcategories&post=1449"},{"taxonomy":"post_tag","embeddable":true,"href":"https:\/\/upas.evvel.org\/index.php?rest_route=%2Fwp%2Fv2%2Ftags&post=1449"}],"curies":[{"name":"wp","href":"https:\/\/api.w.org\/{rel}","templated":true}]}}