{"id":1497,"date":"2020-12-21T00:31:18","date_gmt":"2020-12-20T22:31:18","guid":{"rendered":"https:\/\/upas.evvel.org\/?p=1497"},"modified":"2022-04-19T21:36:49","modified_gmt":"2022-04-19T18:36:49","slug":"kaniksamadan-fatih-balci","status":"publish","type":"post","link":"https:\/\/upas.evvel.org\/?p=1497","title":{"rendered":"&#8220;Kan\u0131ksamadan&#8221; (Fatih Balc\u0131)"},"content":{"rendered":"\n<div style=\"height:20px\" aria-hidden=\"true\" class=\"wp-block-spacer\"><\/div>\n\n\n\n<div class=\"wp-block-image\"><figure class=\"aligncenter\"><a href=\"https:\/\/upas.evvel.org\/kaniksamadan.pdf\" target=\"_blank\" rel=\"noreferrer noopener\"><img loading=\"lazy\" decoding=\"async\" width=\"500\" height=\"750\" src=\"https:\/\/upas.evvel.org\/wp-content\/uploads\/2020\/12\/kaniksamadan-kucuk.jpg\" alt=\"\" class=\"wp-image-1498\"\/><\/a><\/figure><\/div>\n\n\n\n<p style=\"text-align:center\"><strong>Kan\u0131ksamadan<\/strong>, Fatih Balc\u0131<br>UPAS Yay\u0131n, Aral\u0131k 2020, 29 Sayfa<br>\u0130zlemek\/okumak i\u00e7in: <a rel=\"noreferrer noopener\" aria-label=\" (yeni sekmede a\u00e7\u0131l\u0131r)\" href=\"https:\/\/upas.evvel.org\/kaniksamadan.pdf\" target=\"_blank\">upas.evvel.org\/kaniksamadan.pdf<\/a><\/p>\n\n\n\n<p><strong>Fatih Balc\u0131<\/strong>&#8216;n\u0131n resim dilini olu\u015fturan yads\u0131mac\u0131 izlek, reddiye hatlar\u0131ndaki g\u00f6rkemli tan\u0131kl\u0131klar\u0131 fark etmemize imk\u00e2n sa\u011fl\u0131yor. Balc\u0131&#8217;n\u0131n <a href=\"https:\/\/upas.evvel.org\/kaniksamadan.pdf\" target=\"_blank\" rel=\"noreferrer noopener\" aria-label=\" (yeni sekmede a\u00e7\u0131l\u0131r)\">&#8220;kan\u0131ksamadan&#8221;<\/a> vurgulad\u0131\u011f\u0131 yordam, olgulara dair yeni bir g\u00f6rme bi\u00e7imini \u00f6nceliklendiriyor. <em>(Zafer Yal\u00e7\u0131np\u0131nar)<\/em><\/p>\n\n\n\n<p> <\/p>\n","protected":false},"excerpt":{"rendered":"","protected":false},"author":1,"featured_media":0,"comment_status":"closed","ping_status":"closed","sticky":false,"template":"","format":"standard","meta":{"footnotes":""},"categories":[24,5],"tags":[118],"class_list":["post-1497","post","type-post","status-publish","format-standard","hentry","category-gorungu","category-yayinlar","tag-fatih-balci","comments-off"],"_links":{"self":[{"href":"https:\/\/upas.evvel.org\/index.php?rest_route=\/wp\/v2\/posts\/1497","targetHints":{"allow":["GET"]}}],"collection":[{"href":"https:\/\/upas.evvel.org\/index.php?rest_route=\/wp\/v2\/posts"}],"about":[{"href":"https:\/\/upas.evvel.org\/index.php?rest_route=\/wp\/v2\/types\/post"}],"author":[{"embeddable":true,"href":"https:\/\/upas.evvel.org\/index.php?rest_route=\/wp\/v2\/users\/1"}],"replies":[{"embeddable":true,"href":"https:\/\/upas.evvel.org\/index.php?rest_route=%2Fwp%2Fv2%2Fcomments&post=1497"}],"version-history":[{"count":4,"href":"https:\/\/upas.evvel.org\/index.php?rest_route=\/wp\/v2\/posts\/1497\/revisions"}],"predecessor-version":[{"id":1929,"href":"https:\/\/upas.evvel.org\/index.php?rest_route=\/wp\/v2\/posts\/1497\/revisions\/1929"}],"wp:attachment":[{"href":"https:\/\/upas.evvel.org\/index.php?rest_route=%2Fwp%2Fv2%2Fmedia&parent=1497"}],"wp:term":[{"taxonomy":"category","embeddable":true,"href":"https:\/\/upas.evvel.org\/index.php?rest_route=%2Fwp%2Fv2%2Fcategories&post=1497"},{"taxonomy":"post_tag","embeddable":true,"href":"https:\/\/upas.evvel.org\/index.php?rest_route=%2Fwp%2Fv2%2Ftags&post=1497"}],"curies":[{"name":"wp","href":"https:\/\/api.w.org\/{rel}","templated":true}]}}