{"id":1557,"date":"2021-04-29T18:44:58","date_gmt":"2021-04-29T15:44:58","guid":{"rendered":"https:\/\/upas.evvel.org\/?p=1557"},"modified":"2022-04-17T15:48:11","modified_gmt":"2022-04-17T12:48:11","slug":"saudade-emir-alisipahi","status":"publish","type":"post","link":"https:\/\/upas.evvel.org\/?p=1557","title":{"rendered":"&#8220;Saudade&#8221; (Emir Alisipahi)"},"content":{"rendered":"\n<div style=\"height:20px\" aria-hidden=\"true\" class=\"wp-block-spacer\"><\/div>\n\n\n\n<div class=\"wp-block-image\"><figure class=\"aligncenter is-resized\"><a href=\"https:\/\/upas.evvel.org\/saudade.pdf\" target=\"_blank\" rel=\"noreferrer noopener\"><img loading=\"lazy\" decoding=\"async\" src=\"https:\/\/upas.evvel.org\/wp-content\/uploads\/2021\/03\/saudade-k.jpg\" alt=\"\" class=\"wp-image-1559\" width=\"525\" height=\"687\"\/><\/a><\/figure><\/div>\n\n\n\n<p style=\"text-align:center\">&#8220;Saudade&#8221;<br><strong>Emir Alisipahi<\/strong><br><em>(\u00c7izimler: Ceren F\u0131nd\u0131k)<\/em><br>Upas \u015eiir, Mart 2021, 21 Sayfa<br>okumak\/izlemek i\u00e7in: <a rel=\"noreferrer noopener\" aria-label=\" (yeni sekmede a\u00e7\u0131l\u0131r)\" href=\"https:\/\/upas.evvel.org\/saudade.pdf\" target=\"_blank\">upas.evvel.org\/saudade.pdf<\/a><\/p>\n\n\n\n<p><strong>Emir Alisipahi<\/strong> yeni \u015fiir kitab\u0131nda yeni bir dilsel deneye giri\u015fiyor. Yap\u0131bozum ile d\u00fczg\u00fcn\u00fcn k\u0131r\u0131mland\u0131\u011f\u0131 <strong><a href=\"https:\/\/upas.evvel.org\/saudade.pdf\" target=\"_blank\" rel=\"noreferrer noopener\" aria-label=\" (yeni sekmede a\u00e7\u0131l\u0131r)\">Saudade<\/a><\/strong>, imk\u00e2ns\u0131zl\u0131\u011f\u0131n dilsel \u00e7\u0131kmaz sokaklar\u0131n\u0131 \u00e7e\u015fitli t\u00fcnellerle birle\u015ftirerek b\u00fcy\u00fck bir yeralt\u0131 \u0131rma\u011f\u0131n\u0131 tesis etmeye \u00e7al\u0131\u015f\u0131yor. <em>(Zafer Yal\u00e7\u0131np\u0131nar)<\/em><\/p>\n","protected":false},"excerpt":{"rendered":"","protected":false},"author":1,"featured_media":0,"comment_status":"closed","ping_status":"closed","sticky":false,"template":"","format":"standard","meta":{"footnotes":""},"categories":[24,5],"tags":[97,87],"class_list":["post-1557","post","type-post","status-publish","format-standard","hentry","category-gorungu","category-yayinlar","tag-ceren-findik","tag-emir-alisipahi","comments-off"],"_links":{"self":[{"href":"https:\/\/upas.evvel.org\/index.php?rest_route=\/wp\/v2\/posts\/1557","targetHints":{"allow":["GET"]}}],"collection":[{"href":"https:\/\/upas.evvel.org\/index.php?rest_route=\/wp\/v2\/posts"}],"about":[{"href":"https:\/\/upas.evvel.org\/index.php?rest_route=\/wp\/v2\/types\/post"}],"author":[{"embeddable":true,"href":"https:\/\/upas.evvel.org\/index.php?rest_route=\/wp\/v2\/users\/1"}],"replies":[{"embeddable":true,"href":"https:\/\/upas.evvel.org\/index.php?rest_route=%2Fwp%2Fv2%2Fcomments&post=1557"}],"version-history":[{"count":3,"href":"https:\/\/upas.evvel.org\/index.php?rest_route=\/wp\/v2\/posts\/1557\/revisions"}],"predecessor-version":[{"id":1925,"href":"https:\/\/upas.evvel.org\/index.php?rest_route=\/wp\/v2\/posts\/1557\/revisions\/1925"}],"wp:attachment":[{"href":"https:\/\/upas.evvel.org\/index.php?rest_route=%2Fwp%2Fv2%2Fmedia&parent=1557"}],"wp:term":[{"taxonomy":"category","embeddable":true,"href":"https:\/\/upas.evvel.org\/index.php?rest_route=%2Fwp%2Fv2%2Fcategories&post=1557"},{"taxonomy":"post_tag","embeddable":true,"href":"https:\/\/upas.evvel.org\/index.php?rest_route=%2Fwp%2Fv2%2Ftags&post=1557"}],"curies":[{"name":"wp","href":"https:\/\/api.w.org\/{rel}","templated":true}]}}