{"id":1806,"date":"2021-09-19T13:54:45","date_gmt":"2021-09-19T10:54:45","guid":{"rendered":"https:\/\/upas.evvel.org\/?p=1806"},"modified":"2022-04-17T15:34:17","modified_gmt":"2022-04-17T12:34:17","slug":"gozun-ne-acik-ne-kapali-emir-alisipahi","status":"publish","type":"post","link":"https:\/\/upas.evvel.org\/?p=1806","title":{"rendered":"G\u00d6Z\u00dcN NE A\u00c7IK NE KAPALI (Emir Alisipahi)"},"content":{"rendered":"\n<p>\/<br>benim de di\u015flerim var<br>bir elin d\u00f6rt parma\u011f\u0131na ge\u00e7irilmi\u015f<br>renk renk<\/p>\n\n\n\n<p>\u00f6yleye b\u00f6yle hem de <br>ka\u00e7ar\u0131 yok<\/p>\n\n\n\n<p>\/<br>bak di\u015flerim var inci gibi dizili<br>mor kabuklardan \u00e7\u0131kartt\u0131\u011f\u0131m<\/p>\n\n\n\n<p>ka\u00e7 kemik k\u0131rd\u0131m bunlarla bilemem<br>ka\u00e7\u0131 ka\u00e7t\u0131 a\u011fz\u0131mdan haberim yok<\/p>\n\n\n\n<p>\/<br>tuttum birini bir y\u0131ld\u0131z kaz\u0131tt\u0131m<br>kafatas\u0131ma <br>sen de be\u015f, ben diyim alt\u0131 k\u00f6\u015fe<br>ya da k\u0131s\u0131nca be\u015f a\u00e7\u0131nca alt\u0131 diyelim<br>ne de\u011fi\u015fir?<\/p>\n\n\n\n<p>allah biliyor ya!<br>ha a\u015fa\u011f\u0131 ha yukar\u0131<br>nereye gitsen inziva<\/p>\n\n\n\n<p>\/<br>\u015f\u00fck\u00fcrler olsun Ey oklar\u0131n <br>salland\u0131\u011f\u0131 g\u00fcm\u00fc\u015fe!<\/p>\n\n\n\n<p>saklamasayd\u0131n dudaklar\u0131n\u0131<br>okuyabilir miydim? <br>bilemem<\/p>\n\n\n\n<p>bir s\u0131rtlan gibi as\u0131labilir miydim<br>boyunlar\u0131na<\/p>\n\n\n\n<p>kan\u0131rtabilir miydim kendine mesken<br>bellemi\u015f aslanlar\u0131?<\/p>\n\n\n\n<p>korkular\u0131 ka\u00e7\u0131rabilir miydim?<\/p>\n\n\n\n<p>\/<br>do\u011fruldu belim ve kan<br>as\u0131l \u015fimdi s\u0131\u00e7rad\u0131 <\/p>\n\n\n\n<p>bir yanda hizaland\u0131\u011f\u0131m merk\u00fcr<br>di\u011fer yanda \u00e7ift kafal\u0131 kusmu\u011fu<\/p>\n\n\n\n<p>\u015fimdi! karta \u00e7\u0131km\u0131\u015f <br>bir ses konu\u015fuyor de\u011fi\u015fmedi hi\u00e7<br>bo\u015fa \u00e7alan me\u015fhur yank\u0131s\u0131yla g\u00f6zlerinin<\/p>\n\n\n\n<p>\/<br>\u015f\u00fck\u00fcrler olsun! karaya ayak bast\u0131k<br>g\u00f6k bizden yanayd\u0131<\/p>\n\n\n\n<p>s\u0131rma di\u015flerimizle ge\u00e7tik savma<br>k\u00f6p\u00fcklerin aras\u0131ndan<\/p>\n\n\n\n<p>ne yol ne yordam<br>nas\u0131l geldiyse nas\u0131l kar\u015f\u0131lad\u0131ksa<br>kar\u0131\u015flad\u0131ksa aln\u0131n\u0131 nas\u0131l<\/p>\n\n\n\n<p>bir geminin<br>ak\u0131nt\u0131y\u0131 de\u011fi\u015ftirdi\u011fi g\u00f6r\u00fcld\u00fc<\/p>\n\n\n\n<p>\/<br>\u015f\u00fck\u00fcrler olsun!<br>\u00f6l\u00fcm h\u00e2l\u00e2 d\u00fcnk\u00fc de\u011fi\u015fmedi hi\u00e7<\/p>\n\n\n\n<p>bir kargan\u0131n gagas\u0131ndan ta\u015fan <br>ve f\u0131rlatan beni <br>istenmedi\u011fim yerlere<\/p>\n\n\n\n<p>\/<br>Ey benim aynalardan sekerek<br>b\u00f6\u011fr\u00fcme saplanan kur\u015funlar\u0131m!<\/p>\n\n\n\n<p>ve yelkenleri delik de\u015fik edilmi\u015f <br>bir g\u00fcn\u00fc yamayan harmanlar\u0131m!<\/p>\n\n\n\n<p>kulakkesiliniz,<br>y\u0131k\u0131m yak\u0131nd\u0131r!<\/p>\n\n\n\n<p><a rel=\"noreferrer noopener\" href=\"https:\/\/upas.evvel.org\/?tag=emir-alisipahi\" target=\"_blank\"><strong>Emir AL\u0130S\u0130PAH\u0130<\/strong><\/a><br>Eyl\u00fcl 2021<\/p>\n\n\n\n<hr class=\"wp-block-separator is-style-wide\"\/>\n\n\n\n<p>Ayr\u0131ca bkz: <a rel=\"noreferrer noopener\" aria-label=\" (yeni sekmede a\u00e7\u0131l\u0131r)\" href=\"https:\/\/bit.ly\/sifatsiz\" target=\"_blank\">S\u0131fats\u0131z Tamlama<\/a> \/ <a href=\"https:\/\/upas.evvel.org\/saudade.pdf\" target=\"_blank\" rel=\"noreferrer noopener\" aria-label=\" (yeni sekmede a\u00e7\u0131l\u0131r)\">Saudade<\/a><\/p>\n","protected":false},"excerpt":{"rendered":"","protected":false},"author":1,"featured_media":0,"comment_status":"closed","ping_status":"closed","sticky":false,"template":"","format":"standard","meta":{"footnotes":""},"categories":[1],"tags":[87],"class_list":["post-1806","post","type-post","status-publish","format-standard","hentry","category-uncategorized","tag-emir-alisipahi","comments-off"],"_links":{"self":[{"href":"https:\/\/upas.evvel.org\/index.php?rest_route=\/wp\/v2\/posts\/1806","targetHints":{"allow":["GET"]}}],"collection":[{"href":"https:\/\/upas.evvel.org\/index.php?rest_route=\/wp\/v2\/posts"}],"about":[{"href":"https:\/\/upas.evvel.org\/index.php?rest_route=\/wp\/v2\/types\/post"}],"author":[{"embeddable":true,"href":"https:\/\/upas.evvel.org\/index.php?rest_route=\/wp\/v2\/users\/1"}],"replies":[{"embeddable":true,"href":"https:\/\/upas.evvel.org\/index.php?rest_route=%2Fwp%2Fv2%2Fcomments&post=1806"}],"version-history":[{"count":2,"href":"https:\/\/upas.evvel.org\/index.php?rest_route=\/wp\/v2\/posts\/1806\/revisions"}],"predecessor-version":[{"id":1918,"href":"https:\/\/upas.evvel.org\/index.php?rest_route=\/wp\/v2\/posts\/1806\/revisions\/1918"}],"wp:attachment":[{"href":"https:\/\/upas.evvel.org\/index.php?rest_route=%2Fwp%2Fv2%2Fmedia&parent=1806"}],"wp:term":[{"taxonomy":"category","embeddable":true,"href":"https:\/\/upas.evvel.org\/index.php?rest_route=%2Fwp%2Fv2%2Fcategories&post=1806"},{"taxonomy":"post_tag","embeddable":true,"href":"https:\/\/upas.evvel.org\/index.php?rest_route=%2Fwp%2Fv2%2Ftags&post=1806"}],"curies":[{"name":"wp","href":"https:\/\/api.w.org\/{rel}","templated":true}]}}