{"id":2101,"date":"2022-09-02T09:21:16","date_gmt":"2022-09-02T06:21:16","guid":{"rendered":"https:\/\/upas.evvel.org\/?p=2101"},"modified":"2023-10-21T10:37:30","modified_gmt":"2023-10-21T07:37:30","slug":"sanat-eylemi-mechul-sanatci-aniti-fatih-balci","status":"publish","type":"post","link":"https:\/\/upas.evvel.org\/?p=2101","title":{"rendered":"Sanat Eylemi: ME\u00c7HUL SANAT\u00c7I ANITI (Fatih Balc\u0131)"},"content":{"rendered":"\n<div style=\"height:20px\" aria-hidden=\"true\" class=\"wp-block-spacer\"><\/div>\n\n\n\n<ul class=\"wp-block-gallery columns-2 is-cropped wp-block-gallery-1 is-layout-flex wp-block-gallery-is-layout-flex\"><li class=\"blocks-gallery-item\"><figure><a href=\"https:\/\/upas.evvel.org\/wp-content\/uploads\/2022\/09\/oie_puRNgYWAMLBa.jpg\"><img loading=\"lazy\" decoding=\"async\" width=\"894\" height=\"596\" src=\"https:\/\/upas.evvel.org\/wp-content\/uploads\/2022\/09\/oie_puRNgYWAMLBa.jpg\" alt=\"\" data-id=\"2102\" data-link=\"https:\/\/upas.evvel.org\/?attachment_id=2102\" class=\"wp-image-2102\"\/><\/a><\/figure><\/li><li class=\"blocks-gallery-item\"><figure><a href=\"https:\/\/upas.evvel.org\/wp-content\/uploads\/2022\/09\/oie_19171830QAQ1zOLL-696x928.jpg\"><img loading=\"lazy\" decoding=\"async\" width=\"696\" height=\"928\" src=\"https:\/\/upas.evvel.org\/wp-content\/uploads\/2022\/09\/oie_19171830QAQ1zOLL-696x928.jpg\" alt=\"\" data-id=\"2103\" data-link=\"https:\/\/upas.evvel.org\/?attachment_id=2103\" class=\"wp-image-2103\"\/><\/a><\/figure><\/li><\/ul>\n\n\n\n<hr class=\"wp-block-separator is-style-wide\"\/>\n\n\n\n<p><strong>Sanat aktivisti <a rel=\"noreferrer noopener\" aria-label=\"Fatih Balc\u0131 (yeni sekmede a\u00e7\u0131l\u0131r)\" href=\"https:\/\/upas.evvel.org\/?tag=fatih-balci\" target=\"_blank\">Fatih Balc\u0131<\/a><\/strong>, 17. \u0130stanbul Bienali mek\u00e2nlar\u0131ndan&nbsp;<strong>M\u00fcze Gazhane<\/strong>\u2019de (Kad\u0131k\u00f6y) g\u00f6r\u00fcl\u00fcr en y\u00fcksek yap\u0131 olan eski baca b\u00f6l\u00fcm\u00fcn\u00fc kendi i\u015fi olarak ilan ediyor!&nbsp;&nbsp;Fatih Balc\u0131 ele ald\u0131\u011f\u0131 yap\u0131y\u0131, <strong>&#8220;bug\u00fcne dek sanat i\u00e7in emek vermi\u015f, \u00e7abalam\u0131\u015f ama hak ettikleri ilgiyi tam g\u00f6rememi\u015f t\u00fcm sanat\u00e7\u0131lar ad\u0131na bir an\u0131t&#8221;a d\u00f6n\u00fc\u015ft\u00fcr\u00fcyor.<\/strong>&nbsp;Sanat\u00e7\u0131, postmodern sanat stratejilerinden&nbsp;<strong>temell\u00fck<\/strong>&nbsp;y\u00f6ntemini kullan\u0131rken hem bir duyguyu g\u00f6r\u00fcn\u00fcr hale getiriyor hem de bir kez daha Bienal\u2019in \u00e7evresinde kurulmu\u015f stat\u00fcko s\u0131n\u0131rlar\u0131n\u0131 ve y\u00fcksek duvarlar\u0131 ge\u00e7iyor. Fatih Balc\u0131,&nbsp;<strong>Bienali gezen t\u00fcm sanat\u00e7\u0131 ve izleyicileri, eski baca b\u00f6l\u00fcm\u00fcnde kendisi gibi poz vermeye,&nbsp; isimleri ile&nbsp;&nbsp;<\/strong>#MechulSanatciAniti<strong>&nbsp;hashtagini kullanmaya ve yer bildiriminde bulunmaya \u00e7a\u011f\u0131rd\u0131!<\/strong><\/p>\n\n\n\n<hr class=\"wp-block-separator is-style-wide\"\/>\n\n\n\n<blockquote class=\"wp-block-quote is-layout-flow wp-block-quote-is-layout-flow\"><p><strong>Hami\u015f:&nbsp;<\/strong>Fatih Balc\u0131\u2019n\u0131n&nbsp;Upas Yay\u0131n&nbsp;kapsam\u0131nda yer alan eserlerine&nbsp;<a rel=\"noreferrer noopener\" href=\"https:\/\/upas.evvel.org\/?tag=fatih-balci\" target=\"_blank\">https:\/\/upas.evvel.org\/?tag=fatih-balci<\/a>&nbsp;adresinden ula\u015fabilirsiniz.<\/p><\/blockquote>\n","protected":false},"excerpt":{"rendered":"","protected":false},"author":1,"featured_media":0,"comment_status":"closed","ping_status":"closed","sticky":false,"template":"","format":"standard","meta":{"footnotes":""},"categories":[24,1],"tags":[118],"class_list":["post-2101","post","type-post","status-publish","format-standard","hentry","category-gorungu","category-uncategorized","tag-fatih-balci","comments-off"],"_links":{"self":[{"href":"https:\/\/upas.evvel.org\/index.php?rest_route=\/wp\/v2\/posts\/2101","targetHints":{"allow":["GET"]}}],"collection":[{"href":"https:\/\/upas.evvel.org\/index.php?rest_route=\/wp\/v2\/posts"}],"about":[{"href":"https:\/\/upas.evvel.org\/index.php?rest_route=\/wp\/v2\/types\/post"}],"author":[{"embeddable":true,"href":"https:\/\/upas.evvel.org\/index.php?rest_route=\/wp\/v2\/users\/1"}],"replies":[{"embeddable":true,"href":"https:\/\/upas.evvel.org\/index.php?rest_route=%2Fwp%2Fv2%2Fcomments&post=2101"}],"version-history":[{"count":4,"href":"https:\/\/upas.evvel.org\/index.php?rest_route=\/wp\/v2\/posts\/2101\/revisions"}],"predecessor-version":[{"id":2367,"href":"https:\/\/upas.evvel.org\/index.php?rest_route=\/wp\/v2\/posts\/2101\/revisions\/2367"}],"wp:attachment":[{"href":"https:\/\/upas.evvel.org\/index.php?rest_route=%2Fwp%2Fv2%2Fmedia&parent=2101"}],"wp:term":[{"taxonomy":"category","embeddable":true,"href":"https:\/\/upas.evvel.org\/index.php?rest_route=%2Fwp%2Fv2%2Fcategories&post=2101"},{"taxonomy":"post_tag","embeddable":true,"href":"https:\/\/upas.evvel.org\/index.php?rest_route=%2Fwp%2Fv2%2Ftags&post=2101"}],"curies":[{"name":"wp","href":"https:\/\/api.w.org\/{rel}","templated":true}]}}