{"id":218,"date":"2018-08-26T23:56:10","date_gmt":"2018-08-26T20:56:10","guid":{"rendered":"https:\/\/upas.evvel.org\/?p=218"},"modified":"2018-08-26T23:58:37","modified_gmt":"2018-08-26T20:58:37","slug":"isigin-turgut-berkes","status":"publish","type":"post","link":"https:\/\/upas.evvel.org\/?p=218","title":{"rendered":"I\u015f\u0131\u011f\u0131n (Turgut Berkes)"},"content":{"rendered":"<p>Bal\u0131n tad\u0131 senin ad\u0131n<br \/>\nDerdime derman oldu<br \/>\nBenim kan\u0131m senin mal\u0131n<br \/>\nAy\u0131rt etmek yaman oldu<br \/>\nY\u00fcr\u00fcd\u00fcm ellerim dopdolu,<br \/>\nsuya durmaz i\u015flerle<br \/>\nKara \u00e7a\u011flar boyunca<br \/>\nKolay\u0131 varken zorday\u0131m,<br \/>\ng\u00fcvenim yok kimseye<br \/>\nBildi\u011fim da\u011flara<br \/>\nkarlar ya\u011f\u0131nca<\/p>\n<p>I\u015f\u0131\u011f\u0131n\u0131 \u00fcst\u00fcmde tut<br \/>\nAy\u0131rma g\u00f6z\u00fcn\u00fc benden<br \/>\nY\u00fcz\u00fcn\u00fc g\u00f6rd\u00fcm g\u00f6reli<br \/>\nVazge\u00e7tim g\u00fcn y\u00fcz\u00fcnden<\/p>\n<p>Diken dolu senin yolun<br \/>\nAd\u0131mlamak kolay de\u011fil<br \/>\nEvren pulu senin kulun<br \/>\nPar\u0131ldamak olay de\u011fil<br \/>\nUyudum d\u00fc\u015flerim renksiz,<br \/>\nolur olmaz a\u015fklarla<br \/>\nOysa ba\u011flar ipince<br \/>\nKalemin kur\u015fundan sisi<br \/>\nila\u00e7 olmaz a\u011fr\u0131ma<br \/>\nYatt\u0131\u011f\u0131m yerlerde kabus g\u00f6r\u00fcnce<\/p>\n<p>I\u015f\u0131\u011f\u0131n\u0131 \u00fcst\u00fcmde tut<br \/>\nAy\u0131rma g\u00f6z\u00fcn\u00fc benden<br \/>\nY\u00fcz\u00fcn\u00fc g\u00f6rd\u00fcm g\u00f6reli<br \/>\nVazge\u00e7tim g\u00fcn y\u00fcz\u00fcnden<\/p>\n<p>Ate\u015ftim yand\u0131m k\u00fcl oldum,<br \/>\nac\u0131 \u00e7ektim bo\u015f yere<br \/>\nElk\u0131z\u0131n\u0131 sevince<br \/>\nSonunda boynumu b\u00fckt\u00fcm,<br \/>\nkanad\u0131na s\u0131\u011f\u0131nd\u0131m<br \/>\nKurdu\u011fum d\u00fc\u015flere di\u015fler girince\u2026<\/p>\n<p>I\u015f\u0131\u011f\u0131n\u0131 \u00fcst\u00fcmde tut<br \/>\nAy\u0131rma g\u00f6z\u00fcn\u00fc benden<br \/>\nY\u00fcz\u00fcn\u00fc g\u00f6rd\u00fcm g\u00f6reli<br \/>\nVazge\u00e7tim g\u00fcn y\u00fcz\u00fcnden<\/p>\n<p><em><strong>Turgut Berkes<\/strong><\/em><br \/>\n<em><strong>\u201cI\u015f\u0131\u011f\u0131n\u201d<\/strong><\/em><\/p>\n<p><iframe loading=\"lazy\" src=\"https:\/\/w.soundcloud.com\/player\/?url=https%3A\/\/api.soundcloud.com\/users\/46613933&amp;color=%23ff5500&amp;auto_play=false&amp;hide_related=false&amp;show_comments=true&amp;show_user=true&amp;show_reposts=false&amp;show_teaser=true&amp;visual=true\" width=\"100%\" height=\"300\" frameborder=\"no\" scrolling=\"no\"><\/iframe><\/p>\n","protected":false},"excerpt":{"rendered":"","protected":false},"author":1,"featured_media":0,"comment_status":"closed","ping_status":"closed","sticky":false,"template":"","format":"standard","meta":{"footnotes":""},"categories":[1],"tags":[],"class_list":["post-218","post","type-post","status-publish","format-standard","hentry","category-uncategorized","comments-off"],"_links":{"self":[{"href":"https:\/\/upas.evvel.org\/index.php?rest_route=\/wp\/v2\/posts\/218","targetHints":{"allow":["GET"]}}],"collection":[{"href":"https:\/\/upas.evvel.org\/index.php?rest_route=\/wp\/v2\/posts"}],"about":[{"href":"https:\/\/upas.evvel.org\/index.php?rest_route=\/wp\/v2\/types\/post"}],"author":[{"embeddable":true,"href":"https:\/\/upas.evvel.org\/index.php?rest_route=\/wp\/v2\/users\/1"}],"replies":[{"embeddable":true,"href":"https:\/\/upas.evvel.org\/index.php?rest_route=%2Fwp%2Fv2%2Fcomments&post=218"}],"version-history":[{"count":2,"href":"https:\/\/upas.evvel.org\/index.php?rest_route=\/wp\/v2\/posts\/218\/revisions"}],"predecessor-version":[{"id":220,"href":"https:\/\/upas.evvel.org\/index.php?rest_route=\/wp\/v2\/posts\/218\/revisions\/220"}],"wp:attachment":[{"href":"https:\/\/upas.evvel.org\/index.php?rest_route=%2Fwp%2Fv2%2Fmedia&parent=218"}],"wp:term":[{"taxonomy":"category","embeddable":true,"href":"https:\/\/upas.evvel.org\/index.php?rest_route=%2Fwp%2Fv2%2Fcategories&post=218"},{"taxonomy":"post_tag","embeddable":true,"href":"https:\/\/upas.evvel.org\/index.php?rest_route=%2Fwp%2Fv2%2Ftags&post=218"}],"curies":[{"name":"wp","href":"https:\/\/api.w.org\/{rel}","templated":true}]}}