{"id":2295,"date":"2024-03-13T12:30:00","date_gmt":"2024-03-13T09:30:00","guid":{"rendered":"https:\/\/upas.evvel.org\/?p=2295"},"modified":"2024-03-24T10:19:38","modified_gmt":"2024-03-24T07:19:38","slug":"ece-ayhan-anlatiyor-her-donem-siir-oldu-derler","status":"publish","type":"post","link":"https:\/\/upas.evvel.org\/?p=2295","title":{"rendered":"Ece Ayhan anlat\u0131yor: \u201cHer d\u00f6nem \u2018\u015fiir \u00f6ld\u00fc\u2019 derler!\u201d"},"content":{"rendered":"\n<center><iframe loading=\"lazy\" src=\"https:\/\/www.youtube.com\/embed\/MAeD4kKE_dI\" allowfullscreen=\"\" width=\"560\" height=\"315\"><\/iframe><\/center>\n\n\n\n<hr class=\"wp-block-separator is-style-wide\"\/>\n\n\n\n<p><a rel=\"noreferrer noopener\" aria-label=\" (yeni sekmede a\u00e7\u0131l\u0131r)\" href=\"https:\/\/www.youtube.com\/watch?v=MAeD4kKE_dI&amp;t=0s\" target=\"_blank\">0:00<\/a> Giri\u015f <br><a rel=\"noreferrer noopener\" aria-label=\" (yeni sekmede a\u00e7\u0131l\u0131r)\" href=\"https:\/\/www.youtube.com\/watch?v=MAeD4kKE_dI&amp;t=395s\" target=\"_blank\">06:35<\/a> Sezai Karako\u00e7, \u0130kinci Yeni\u2019de bir hafta kadar bulundu <br><a rel=\"noreferrer noopener\" aria-label=\" (yeni sekmede a\u00e7\u0131l\u0131r)\" href=\"https:\/\/www.youtube.com\/watch?v=MAeD4kKE_dI&amp;t=480s\" target=\"_blank\">08:00<\/a> \u015eiirlerimi postalad\u0131m ama basmad\u0131lar <br><a rel=\"noreferrer noopener\" aria-label=\" (yeni sekmede a\u00e7\u0131l\u0131r)\" href=\"https:\/\/www.youtube.com\/watch?v=MAeD4kKE_dI&amp;t=745s\" target=\"_blank\">12:25<\/a> \u0130ktisattan siyasala paras\u0131z yat\u0131l\u0131lar <br><a rel=\"noreferrer noopener\" aria-label=\" (yeni sekmede a\u00e7\u0131l\u0131r)\" href=\"https:\/\/www.youtube.com\/watch?v=MAeD4kKE_dI&amp;t=859s\" target=\"_blank\">14:19<\/a> Biz politi\u011fiz <br><a rel=\"noreferrer noopener\" aria-label=\" (yeni sekmede a\u00e7\u0131l\u0131r)\" href=\"https:\/\/www.youtube.com\/watch?v=MAeD4kKE_dI&amp;t=1458s\" target=\"_blank\">24:18<\/a> Nobel aday\u0131 Ece Ayhan <br><a rel=\"noreferrer noopener\" aria-label=\" (yeni sekmede a\u00e7\u0131l\u0131r)\" href=\"https:\/\/www.youtube.com\/watch?v=MAeD4kKE_dI&amp;t=1695s\" target=\"_blank\">28:15<\/a> S\u0131f\u0131r nedir? <br><a rel=\"noreferrer noopener\" aria-label=\" (yeni sekmede a\u00e7\u0131l\u0131r)\" href=\"https:\/\/www.youtube.com\/watch?v=MAeD4kKE_dI&amp;t=1767s\" target=\"_blank\">29:27<\/a> Talat Pa\u015fa\u2019n\u0131n evinden giden emirler <br><a rel=\"noreferrer noopener\" aria-label=\" (yeni sekmede a\u00e7\u0131l\u0131r)\" href=\"https:\/\/www.youtube.com\/watch?v=MAeD4kKE_dI&amp;t=2148s\" target=\"_blank\">35:48<\/a> Atat\u00fcrk\u2019\u00fcn sevgilisi Fikriye Han\u0131m ya da \u201cFayton\u201d \u015fiiri  <\/p>\n\n\n\n<hr class=\"wp-block-separator is-style-wide\"\/>\n\n\n\n<p>3 Temmuz 2023 tarihinde <a rel=\"noreferrer noopener\" href=\"https:\/\/www.youtube.com\/@MakasPayi\" target=\"_blank\">Makas Pay\u0131<\/a> taifesi (hesab\u0131), yakla\u015f\u0131k 45 dakikal\u0131k \u00e7ok k\u0131ymetli bir <strong>Ece Ayhan<\/strong> r\u00f6portaj\u0131n\u0131n tamam\u0131n\u0131 <a rel=\"noreferrer noopener\" href=\"https:\/\/www.youtube.com\/watch?v=MAeD4kKE_dI\" target=\"_blank\">https:\/\/www.youtube.com\/watch?v=MAeD4kKE_dI<\/a>  adresinde yay\u0131mlad\u0131. R\u00f6portajda Ece Ayhan a\u00e7\u0131k y\u00fcreklilikle -ve  rahatl\u0131kla, hi\u00e7 tedirgin olmadan- \u015fiir-tarihsel yakla\u015f\u0131mlar\u0131n\u0131n \u00f6z\u00fcn\u00fc  anlat\u0131yor. \u0130lk \u015fiirinin ad\u0131ndan ve ilk \u015fiirini nas\u0131l yazd\u0131\u011f\u0131ndan tutun  da gen\u00e7 \u015fairlere \u00f6nerilerine kadar \u00e7o\u011fu yakla\u015f\u0131m\u0131n\u0131 ve izlenimini a\u00e7\u0131k\u00e7a  ifade ediyor. Bununla birlikte ya\u015fam\u0131ndaki \u015fiirselli\u011fin izd\u00fc\u015f\u00fcmlerini  olay, yer, tarih ve isimlerle de dile getiriyor. R\u00f6portaj\u0131n kim  taraf\u0131ndan hangi tarihte ger\u00e7ekle\u015ftirildi\u011fini \u015fu an bilemiyorum. Fakat  bu r\u00f6portajla (video kayd\u0131yla) ilk kez kar\u015f\u0131la\u015ft\u0131\u011f\u0131mdan eminim. Ece  Ayhan\u2019\u0131n poetikas\u0131yla ilgilenen herkesin r\u00f6portaj\u0131 izlemesini ve Ece  Ayhan\u2019\u0131n s\u00f6zlerine -\u00f6zellikle de ara s\u00f6zlerine- kulak vermesini, dikkat  kesilmesini \u00f6neririm. <em>(<a href=\"https:\/\/www.zaferyalcinpinar.info\" target=\"_blank\" rel=\"noreferrer noopener\" aria-label=\" (yeni sekmede a\u00e7\u0131l\u0131r)\">Zafer Yal\u00e7\u0131np\u0131nar<\/a>)<\/em><\/p>\n\n\n\n<hr class=\"wp-block-separator is-style-wide\"\/>\n\n\n\n<p style=\"text-align:center\">R\u00f6portaj\u0131 mp4 dosyas\u0131 bi\u00e7iminde  <br><a href=\"https:\/\/zaferyalcinpinar.com\/bbkara\/eceayhansoylesi2.mp4\" target=\"_blank\" rel=\"noreferrer noopener\" aria-label=\" (yeni sekmede a\u00e7\u0131l\u0131r)\">https:\/\/zaferyalcinpinar.com\/bbkara\/eceayhansoylesi2.mp4<\/a> <br>adresinden indirip bilgisayar\u0131n\u0131zda ar\u015fivleyebilirsiniz.<\/p>\n\n\n\n<hr class=\"wp-block-separator is-style-wide\"\/>\n\n\n\n<blockquote class=\"wp-block-quote is-layout-flow wp-block-quote-is-layout-flow\"><p><strong>Hami\u015f:<\/strong>&nbsp;EVV3L kapsam\u0131nda yay\u0131mlanan \u201cEce Ayhan\u201d ba\u015fl\u0131kl\u0131 ilgilere&nbsp;<a rel=\"noreferrer noopener\" href=\"https:\/\/evvel.org\/ilgi\/ece-ayhan\" target=\"_blank\">https:\/\/evvel.org\/ilgi\/ece-ayhan<\/a>&nbsp;adresinden, Ece Ayhan ilgilerinin indeksine&nbsp;<a rel=\"noreferrer noopener\" href=\"https:\/\/bit.ly\/eceindeks\" target=\"_blank\">https:\/\/bit.ly\/eceindeks<\/a>&nbsp;adresinden, Ece Ayhan web sitesine ise&nbsp;<a rel=\"noreferrer noopener\" href=\"https:\/\/zaferyalcinpinar.com\/bakissiz.html\" target=\"_blank\">https:\/\/zaferyalcinpinar.com\/bakissiz.html<\/a>&nbsp;adresinden ula\u015fabilirsiniz. <\/p><\/blockquote>\n","protected":false},"excerpt":{"rendered":"","protected":false},"author":1,"featured_media":0,"comment_status":"closed","ping_status":"closed","sticky":false,"template":"","format":"standard","meta":{"footnotes":""},"categories":[1],"tags":[78],"class_list":["post-2295","post","type-post","status-publish","format-standard","hentry","category-uncategorized","tag-ece-ayhan","comments-off"],"_links":{"self":[{"href":"https:\/\/upas.evvel.org\/index.php?rest_route=\/wp\/v2\/posts\/2295","targetHints":{"allow":["GET"]}}],"collection":[{"href":"https:\/\/upas.evvel.org\/index.php?rest_route=\/wp\/v2\/posts"}],"about":[{"href":"https:\/\/upas.evvel.org\/index.php?rest_route=\/wp\/v2\/types\/post"}],"author":[{"embeddable":true,"href":"https:\/\/upas.evvel.org\/index.php?rest_route=\/wp\/v2\/users\/1"}],"replies":[{"embeddable":true,"href":"https:\/\/upas.evvel.org\/index.php?rest_route=%2Fwp%2Fv2%2Fcomments&post=2295"}],"version-history":[{"count":3,"href":"https:\/\/upas.evvel.org\/index.php?rest_route=\/wp\/v2\/posts\/2295\/revisions"}],"predecessor-version":[{"id":2298,"href":"https:\/\/upas.evvel.org\/index.php?rest_route=\/wp\/v2\/posts\/2295\/revisions\/2298"}],"wp:attachment":[{"href":"https:\/\/upas.evvel.org\/index.php?rest_route=%2Fwp%2Fv2%2Fmedia&parent=2295"}],"wp:term":[{"taxonomy":"category","embeddable":true,"href":"https:\/\/upas.evvel.org\/index.php?rest_route=%2Fwp%2Fv2%2Fcategories&post=2295"},{"taxonomy":"post_tag","embeddable":true,"href":"https:\/\/upas.evvel.org\/index.php?rest_route=%2Fwp%2Fv2%2Ftags&post=2295"}],"curies":[{"name":"wp","href":"https:\/\/api.w.org\/{rel}","templated":true}]}}