{"id":2950,"date":"2025-11-16T06:05:15","date_gmt":"2025-11-16T03:05:15","guid":{"rendered":"https:\/\/upas.evvel.org\/?p=2950"},"modified":"2025-11-19T00:04:28","modified_gmt":"2025-11-18T21:04:28","slug":"yanki-odasinda-ilhan-berke-saygi-ozel-yayinlari-zafer-yalcinpinar","status":"publish","type":"post","link":"https:\/\/upas.evvel.org\/?p=2950","title":{"rendered":"Yank\u0131 Odas\u0131\u2019nda \u0130LHAN BERK\u2019E SAYGI \u00d6zel Yay\u0131nlar\u0131 (Zafer Yal\u00e7\u0131np\u0131nar)"},"content":{"rendered":"\n<div style=\"height:17px\" aria-hidden=\"true\" class=\"wp-block-spacer\"><\/div>\n\n\n\n<center><iframe loading=\"lazy\" width=\"560\" height=\"315\" src=\"https:\/\/www.youtube.com\/embed\/fPMigE89Xw0?si=GMaXrztfqSuwq1aO\" title=\"YouTube video player\" frameborder=\"0\" allow=\"accelerometer; autoplay; clipboard-write; encrypted-media; gyroscope; picture-in-picture; web-share\" referrerpolicy=\"strict-origin-when-cross-origin\" allowfullscreen><\/iframe><\/center>\n\n\n\n<div style=\"height:7px\" aria-hidden=\"true\" class=\"wp-block-spacer\"><\/div>\n\n\n\n<p class=\"has-text-align-center\">17 Kas\u0131m 2024,&nbsp;<strong>1. K\u0131s\u0131m<\/strong><\/p>\n\n\n\n<div style=\"height:6px\" aria-hidden=\"true\" class=\"wp-block-spacer\"><\/div>\n\n\n\n<hr class=\"wp-block-separator has-alpha-channel-opacity is-style-wide\"\/>\n\n\n\n<p><a href=\"https:\/\/youtu.be\/O_bv0S2dkcs\" target=\"_blank\" rel=\"noreferrer noopener\">\u0130lhan Berk 100 Ya\u015f\u0131nda Etkinlikleri<\/a> kapsam\u0131ndaki sempozyum konu\u015fmas\u0131n\u0131 (21 Kas\u0131m 2018) <a href=\"https:\/\/youtu.be\/O_bv0S2dkcs\" target=\"_blank\" rel=\"noreferrer noopener\">https:\/\/youtu.be\/O_bv0S2dkcs<\/a> adresinden izleyebilirsiniz. <strong>evvel.org<\/strong>&#8216;da yay\u0131mlanan 20 y\u0131ll\u0131k \u0130lhan Berk ar\u015fiv \u00e7al\u0131\u015fmalar\u0131m\u0131z\u0131n ve efemeralar\u0131n tamam\u0131na <a href=\"https:\/\/evvel.org\/ilgi\/ilhan-berk\" target=\"_blank\" rel=\"noreferrer noopener\">https:\/\/evvel.org\/ilgi\/ilhan-berk<\/a> adresinden ula\u015fabilirsiniz.<\/p>\n\n\n\n<p><br><\/p>\n","protected":false},"excerpt":{"rendered":"","protected":false},"author":1,"featured_media":0,"comment_status":"closed","ping_status":"closed","sticky":false,"template":"","format":"standard","meta":{"footnotes":""},"categories":[24,1],"tags":[39,18],"class_list":["post-2950","post","type-post","status-publish","format-standard","hentry","category-gorungu","category-uncategorized","tag-ilhan-berk","tag-zafer-yalcinpinar","comments-off"],"_links":{"self":[{"href":"https:\/\/upas.evvel.org\/index.php?rest_route=\/wp\/v2\/posts\/2950","targetHints":{"allow":["GET"]}}],"collection":[{"href":"https:\/\/upas.evvel.org\/index.php?rest_route=\/wp\/v2\/posts"}],"about":[{"href":"https:\/\/upas.evvel.org\/index.php?rest_route=\/wp\/v2\/types\/post"}],"author":[{"embeddable":true,"href":"https:\/\/upas.evvel.org\/index.php?rest_route=\/wp\/v2\/users\/1"}],"replies":[{"embeddable":true,"href":"https:\/\/upas.evvel.org\/index.php?rest_route=%2Fwp%2Fv2%2Fcomments&post=2950"}],"version-history":[{"count":3,"href":"https:\/\/upas.evvel.org\/index.php?rest_route=\/wp\/v2\/posts\/2950\/revisions"}],"predecessor-version":[{"id":3074,"href":"https:\/\/upas.evvel.org\/index.php?rest_route=\/wp\/v2\/posts\/2950\/revisions\/3074"}],"wp:attachment":[{"href":"https:\/\/upas.evvel.org\/index.php?rest_route=%2Fwp%2Fv2%2Fmedia&parent=2950"}],"wp:term":[{"taxonomy":"category","embeddable":true,"href":"https:\/\/upas.evvel.org\/index.php?rest_route=%2Fwp%2Fv2%2Fcategories&post=2950"},{"taxonomy":"post_tag","embeddable":true,"href":"https:\/\/upas.evvel.org\/index.php?rest_route=%2Fwp%2Fv2%2Ftags&post=2950"}],"curies":[{"name":"wp","href":"https:\/\/api.w.org\/{rel}","templated":true}]}}