{"id":2960,"date":"2024-12-13T00:47:08","date_gmt":"2024-12-12T21:47:08","guid":{"rendered":"https:\/\/upas.evvel.org\/?p=2960"},"modified":"2024-12-13T00:48:01","modified_gmt":"2024-12-12T21:48:01","slug":"tumulus-ahmet-ali-uzun","status":"publish","type":"post","link":"https:\/\/upas.evvel.org\/?p=2960","title":{"rendered":"&#8220;T\u00fcm\u00fcl\u00fcs&#8221; (Ahmet Ali Uzun)"},"content":{"rendered":"\n<div style=\"height:7px\" aria-hidden=\"true\" class=\"wp-block-spacer\"><\/div>\n\n\n<div class=\"wp-block-image\">\n<figure class=\"aligncenter size-full\"><a href=\"https:\/\/upas.evvel.org\/tumulus.pdf\" target=\"_blank\" rel=\" noreferrer noopener\"><img loading=\"lazy\" decoding=\"async\" width=\"423\" height=\"625\" src=\"https:\/\/upas.evvel.org\/wp-content\/uploads\/2024\/12\/tumulus-kucuk.jpg\" alt=\"\" class=\"wp-image-2961\" srcset=\"https:\/\/upas.evvel.org\/wp-content\/uploads\/2024\/12\/tumulus-kucuk.jpg 423w, https:\/\/upas.evvel.org\/wp-content\/uploads\/2024\/12\/tumulus-kucuk-203x300.jpg 203w\" sizes=\"auto, (max-width: 423px) 100vw, 423px\" \/><\/a><\/figure>\n<\/div>\n\n\n<div style=\"height:7px\" aria-hidden=\"true\" class=\"wp-block-spacer\"><\/div>\n\n\n\n<p class=\"has-text-align-center\">\u201cT\u00fcm\u00fcl\u00fcs\u201d<br><strong>Ahmet Ali Uzun<\/strong><br>Aral\u0131k 2024, 18 Sayfa<br>okumak i\u00e7in:&nbsp;<a href=\"https:\/\/upas.evvel.org\/tumulus.pdf\" target=\"_blank\" rel=\"noreferrer noopener\">https:\/\/upas.evvel.org\/tumulus.pdf<\/a><\/p>\n\n\n\n<p><a href=\"https:\/\/upas.evvel.org\/tumulus.pdf\" target=\"_blank\" rel=\"noreferrer noopener\">T\u00fcm\u00fcl\u00fcs<\/a>; g\u00f6\u011f\u00fcn on alt\u0131nc\u0131 kat\u0131nda ya\u015fad\u0131\u011f\u0131na inan\u0131lan ve iyiliklerin tanr\u0131s\u0131 oldu\u011fu d\u00fc\u015f\u00fcn\u00fclen \u00dclgen&#8217;in insanlara ate\u015f yakmay\u0131 \u00f6\u011fretmesini kendi a\u011fz\u0131ndan ele al\u0131rken, <strong>Ahmet Ali Uzun<\/strong> ayn\u0131 zamanda hem kendinin hem de \u00dclgen&#8217;in varolu\u015f sorgulamalar\u0131 ve say\u0131klamalar\u0131yla beraber \u015fiirini i\u015fleyerek ayn\u0131 sanc\u0131lar\u0131 okura da yans\u0131tmay\u0131 ama\u00e7l\u0131yor. G\u00f6kte k\u00fcm\u00fcl\u00fcs yerde ise &#8220;T\u00fcm\u00fcl\u00fcs&#8221; aras\u0131na s\u0131k\u0131\u015fan bir zihnin kurtulu\u015funu hat\u0131rlama \u00e7abas\u0131&#8230;<\/p>\n","protected":false},"excerpt":{"rendered":"","protected":false},"author":1,"featured_media":0,"comment_status":"closed","ping_status":"closed","sticky":false,"template":"","format":"standard","meta":{"footnotes":""},"categories":[5],"tags":[159],"class_list":["post-2960","post","type-post","status-publish","format-standard","hentry","category-yayinlar","tag-ahmet-ali-uzun","comments-off"],"_links":{"self":[{"href":"https:\/\/upas.evvel.org\/index.php?rest_route=\/wp\/v2\/posts\/2960","targetHints":{"allow":["GET"]}}],"collection":[{"href":"https:\/\/upas.evvel.org\/index.php?rest_route=\/wp\/v2\/posts"}],"about":[{"href":"https:\/\/upas.evvel.org\/index.php?rest_route=\/wp\/v2\/types\/post"}],"author":[{"embeddable":true,"href":"https:\/\/upas.evvel.org\/index.php?rest_route=\/wp\/v2\/users\/1"}],"replies":[{"embeddable":true,"href":"https:\/\/upas.evvel.org\/index.php?rest_route=%2Fwp%2Fv2%2Fcomments&post=2960"}],"version-history":[{"count":2,"href":"https:\/\/upas.evvel.org\/index.php?rest_route=\/wp\/v2\/posts\/2960\/revisions"}],"predecessor-version":[{"id":2963,"href":"https:\/\/upas.evvel.org\/index.php?rest_route=\/wp\/v2\/posts\/2960\/revisions\/2963"}],"wp:attachment":[{"href":"https:\/\/upas.evvel.org\/index.php?rest_route=%2Fwp%2Fv2%2Fmedia&parent=2960"}],"wp:term":[{"taxonomy":"category","embeddable":true,"href":"https:\/\/upas.evvel.org\/index.php?rest_route=%2Fwp%2Fv2%2Fcategories&post=2960"},{"taxonomy":"post_tag","embeddable":true,"href":"https:\/\/upas.evvel.org\/index.php?rest_route=%2Fwp%2Fv2%2Ftags&post=2960"}],"curies":[{"name":"wp","href":"https:\/\/api.w.org\/{rel}","templated":true}]}}