{"id":2969,"date":"2025-04-03T01:37:00","date_gmt":"2025-04-02T22:37:00","guid":{"rendered":"https:\/\/upas.evvel.org\/?p=2969"},"modified":"2025-04-03T18:36:43","modified_gmt":"2025-04-03T15:36:43","slug":"simdi-sevisme-vakti-sait-faik-abasiyanik","status":"publish","type":"post","link":"https:\/\/upas.evvel.org\/?p=2969","title":{"rendered":"\u201c\u015eimdi Sevi\u015fme Vakti\u201d (Sait Faik Abas\u0131yan\u0131k)"},"content":{"rendered":"\n<div style=\"height:20px\" aria-hidden=\"true\" class=\"wp-block-spacer\"><\/div>\n\n\n<div class=\"wp-block-image\">\n<figure class=\"aligncenter size-large is-resized\"><a href=\"https:\/\/upas.evvel.org\/simdisevismevakti.pdf\" target=\"_blank\" rel=\" noreferrer noopener\"><img loading=\"lazy\" decoding=\"async\" width=\"683\" height=\"1024\" src=\"https:\/\/upas.evvel.org\/wp-content\/uploads\/2025\/01\/simdisevismevakti-kucuk-683x1024.jpg\" alt=\"\" class=\"wp-image-2970\" style=\"width:481px;height:auto\" srcset=\"https:\/\/upas.evvel.org\/wp-content\/uploads\/2025\/01\/simdisevismevakti-kucuk-683x1024.jpg 683w, https:\/\/upas.evvel.org\/wp-content\/uploads\/2025\/01\/simdisevismevakti-kucuk-200x300.jpg 200w, https:\/\/upas.evvel.org\/wp-content\/uploads\/2025\/01\/simdisevismevakti-kucuk.jpg 700w\" sizes=\"auto, (max-width: 683px) 100vw, 683px\" \/><\/a><\/figure>\n<\/div>\n\n\n<div style=\"height:9px\" aria-hidden=\"true\" class=\"wp-block-spacer\"><\/div>\n\n\n\n<p class=\"has-text-align-center\">\u201c\u015eimdi Sevi\u015fme Vakti\u201d<br><strong><strong>Sait Faik Abas\u0131yan\u0131k<\/strong><\/strong><br><em>(Sait Faik&#8217;in \u015eiirlerine dair <br>\u00d6nemli Bulgular&#8217;la birlikte&#8230;)<\/em><br>\u0130lk Bask\u0131 1953 Replikas\u0131 <br>Ocak 2025, 62 Sayfa<\/p>\n\n\n\n<p class=\"has-text-align-center\">okumak ve ar\u015fivlemek i\u00e7in:&nbsp;<br><a href=\"https:\/\/upas.evvel.org\/simdisevismevakti.pdf\" target=\"_blank\" rel=\"noreferrer noopener\">https:\/\/upas.evvel.org\/simdisevismevakti.pdf<\/a><\/p>\n\n\n\n<div style=\"height:12px\" aria-hidden=\"true\" class=\"wp-block-spacer\"><\/div>\n\n\n\n<p>T\u00fcrk Edebiyat\u0131&#8217;n\u0131n en etkileyici hik\u00e2yecisi <strong>Sait Faik<\/strong>&#8216;in tek \u015fiir kitab\u0131 olan <a href=\"https:\/\/upas.evvel.org\/simdisevismevakti.pdf\" target=\"_blank\" rel=\"noreferrer noopener\">\u015eimdi Sevi\u015fme Vakti&#8217;<\/a>nin 1953 y\u0131l\u0131nda (vefat\u0131ndan \u00f6nce) yay\u0131mlanan ilk bask\u0131 orjinal replikas\u0131n\u0131 okurlar\u0131m\u0131za sunmaktan gurur duyuyoruz. <a href=\"https:\/\/www.zaferyalcinpinar.info\" target=\"_blank\" rel=\"noreferrer noopener\">Zafer Yal\u00e7\u0131np\u0131nar<\/a> taraf\u0131ndan 2017 y\u0131l\u0131nda kaleme al\u0131nan &#8216;<strong>Sait Faik&#8217;in \u015eiirlerine Dair \u00d6nemli Bulgular<\/strong>&#8216; ba\u015fl\u0131kl\u0131 inceleme \u00e7al\u0131\u015fmas\u0131 da Sait Faik&#8217;in ilk ve tek \u015fiir kitab\u0131n\u0131n yay\u0131n s\u00fcreci ile di\u011fer bask\u0131lar\u0131na \u0131\u015f\u0131k tutarak replikaya e\u015flik ediyor&#8230;<\/p>\n","protected":false},"excerpt":{"rendered":"","protected":false},"author":1,"featured_media":0,"comment_status":"closed","ping_status":"closed","sticky":false,"template":"","format":"standard","meta":{"footnotes":""},"categories":[5],"tags":[74,18],"class_list":["post-2969","post","type-post","status-publish","format-standard","hentry","category-yayinlar","tag-sait-faik","tag-zafer-yalcinpinar","comments-off"],"_links":{"self":[{"href":"https:\/\/upas.evvel.org\/index.php?rest_route=\/wp\/v2\/posts\/2969","targetHints":{"allow":["GET"]}}],"collection":[{"href":"https:\/\/upas.evvel.org\/index.php?rest_route=\/wp\/v2\/posts"}],"about":[{"href":"https:\/\/upas.evvel.org\/index.php?rest_route=\/wp\/v2\/types\/post"}],"author":[{"embeddable":true,"href":"https:\/\/upas.evvel.org\/index.php?rest_route=\/wp\/v2\/users\/1"}],"replies":[{"embeddable":true,"href":"https:\/\/upas.evvel.org\/index.php?rest_route=%2Fwp%2Fv2%2Fcomments&post=2969"}],"version-history":[{"count":12,"href":"https:\/\/upas.evvel.org\/index.php?rest_route=\/wp\/v2\/posts\/2969\/revisions"}],"predecessor-version":[{"id":2984,"href":"https:\/\/upas.evvel.org\/index.php?rest_route=\/wp\/v2\/posts\/2969\/revisions\/2984"}],"wp:attachment":[{"href":"https:\/\/upas.evvel.org\/index.php?rest_route=%2Fwp%2Fv2%2Fmedia&parent=2969"}],"wp:term":[{"taxonomy":"category","embeddable":true,"href":"https:\/\/upas.evvel.org\/index.php?rest_route=%2Fwp%2Fv2%2Fcategories&post=2969"},{"taxonomy":"post_tag","embeddable":true,"href":"https:\/\/upas.evvel.org\/index.php?rest_route=%2Fwp%2Fv2%2Ftags&post=2969"}],"curies":[{"name":"wp","href":"https:\/\/api.w.org\/{rel}","templated":true}]}}