{"id":2993,"date":"2026-01-22T09:58:00","date_gmt":"2026-01-22T06:58:00","guid":{"rendered":"https:\/\/upas.evvel.org\/?p=2993"},"modified":"2026-02-03T08:54:34","modified_gmt":"2026-02-03T05:54:34","slug":"dunya-havadan-ibaretti-bekliyordu-duygu-gundesin-anisina","status":"publish","type":"post","link":"https:\/\/upas.evvel.org\/?p=2993","title":{"rendered":"&#8220;D\u00fcnya havadan ibaretti, bekliyordu.&#8221; (Duygu G\u00fcnde\u015f&#8217;in an\u0131s\u0131na&#8230;)"},"content":{"rendered":"\n<div style=\"height:10px\" aria-hidden=\"true\" class=\"wp-block-spacer\"><\/div>\n\n\n<div class=\"wp-block-image\">\n<figure class=\"aligncenter size-full\"><a href=\"https:\/\/duygugundes.info\" target=\"_blank\" rel=\" noreferrer noopener\"><img loading=\"lazy\" decoding=\"async\" width=\"445\" height=\"607\" src=\"https:\/\/upas.evvel.org\/wp-content\/uploads\/2025\/01\/duygundes6-1.jpg\" alt=\"\" class=\"wp-image-2995\" srcset=\"https:\/\/upas.evvel.org\/wp-content\/uploads\/2025\/01\/duygundes6-1.jpg 445w, https:\/\/upas.evvel.org\/wp-content\/uploads\/2025\/01\/duygundes6-1-220x300.jpg 220w\" sizes=\"auto, (max-width: 445px) 100vw, 445px\" \/><\/a><\/figure>\n<\/div>\n\n\n<p class=\"has-text-align-center\">Koridor Dergisi, Say\u0131:5, K\u0131\u015f 2008<\/p>\n\n\n\n<hr class=\"wp-block-separator has-alpha-channel-opacity is-style-wide\"\/>\n\n\n\n<div style=\"height:19px\" aria-hidden=\"true\" class=\"wp-block-spacer\"><\/div>\n\n\n<div class=\"wp-block-image\">\n<figure class=\"aligncenter size-full\"><a href=\"https:\/\/duygugundes.info\" target=\"_blank\" rel=\" noreferrer noopener\"><img loading=\"lazy\" decoding=\"async\" width=\"416\" height=\"391\" src=\"https:\/\/upas.evvel.org\/wp-content\/uploads\/2025\/01\/duygundes9.jpg\" alt=\"\" class=\"wp-image-2998\" srcset=\"https:\/\/upas.evvel.org\/wp-content\/uploads\/2025\/01\/duygundes9.jpg 416w, https:\/\/upas.evvel.org\/wp-content\/uploads\/2025\/01\/duygundes9-300x282.jpg 300w\" sizes=\"auto, (max-width: 416px) 100vw, 416px\" \/><\/a><\/figure>\n<\/div>\n\n\n<p class=\"has-text-align-center\">Sappho, B\u00f6l\u00fcm 31, Sevgiliye \u00d6vg\u00fc&#8217;den&#8230; (\u00c7ev: Duygu G\u00fcnde\u015f)<br>Ka\u00e7ak Yay\u0131n Dergisi, Say\u0131: 49, Temmuz-A\u011fustos 2007<\/p>\n\n\n\n<hr class=\"wp-block-separator has-alpha-channel-opacity is-style-wide\"\/>\n\n\n\n<p class=\"has-text-align-center\">26 Ocak 2019\u2019da ya\u015fam\u0131na son veren&nbsp;<strong>Duygu G\u00fcnde\u015f<\/strong>\u2018in <br>t\u00fcm edebiyat \u00e7al\u0131\u015fmalar\u0131na&nbsp;<a href=\"https:\/\/duygugundes.info\/\" target=\"_blank\" rel=\"noreferrer noopener\">https:\/\/duygugundes.info<\/a>&nbsp;adresinden, <br>\u015fiir \u00e7evirilerine&nbsp;<a href=\"https:\/\/upas.evvel.org\/cevirisiirler.pdf\" target=\"_blank\" rel=\"noreferrer noopener\">https:\/\/upas.evvel.org\/cevirisiirler.pdf<\/a>&nbsp;adresinden, <br>Duygu G\u00fcnde\u015f\u2019e a\u011f\u0131t olarak kaleme al\u0131nan \u00d6l\u00fcmc\u00fcl Defter\u2019e ise&nbsp;<a href=\"https:\/\/upas.evvel.org\/olumculdefter.pdf\" target=\"_blank\" rel=\"noreferrer noopener\">https:\/\/upas.evvel.org\/olumculdefter.pdf<\/a>&nbsp;adresinden ula\u015fabilirsiniz. <br>(\u00d6l\u00fcmc\u00fcl Defter\u2019in bas\u0131l\u0131 n\u00fcshas\u0131 da \u015furada:&nbsp;<br><a href=\"https:\/\/www.kitapyurdu.com\/kitap\/olumcul-defter\/617360.html\" target=\"_blank\" rel=\"noreferrer noopener\">https:\/\/www.kitapyurdu.com\/kitap\/olumcul-defter\/617360.html<\/a>)<\/p>\n","protected":false},"excerpt":{"rendered":"","protected":false},"author":1,"featured_media":0,"comment_status":"closed","ping_status":"closed","sticky":false,"template":"","format":"standard","meta":{"footnotes":""},"categories":[1],"tags":[25],"class_list":["post-2993","post","type-post","status-publish","format-standard","hentry","category-uncategorized","tag-duygu-gundes","comments-off"],"_links":{"self":[{"href":"https:\/\/upas.evvel.org\/index.php?rest_route=\/wp\/v2\/posts\/2993","targetHints":{"allow":["GET"]}}],"collection":[{"href":"https:\/\/upas.evvel.org\/index.php?rest_route=\/wp\/v2\/posts"}],"about":[{"href":"https:\/\/upas.evvel.org\/index.php?rest_route=\/wp\/v2\/types\/post"}],"author":[{"embeddable":true,"href":"https:\/\/upas.evvel.org\/index.php?rest_route=\/wp\/v2\/users\/1"}],"replies":[{"embeddable":true,"href":"https:\/\/upas.evvel.org\/index.php?rest_route=%2Fwp%2Fv2%2Fcomments&post=2993"}],"version-history":[{"count":4,"href":"https:\/\/upas.evvel.org\/index.php?rest_route=\/wp\/v2\/posts\/2993\/revisions"}],"predecessor-version":[{"id":3002,"href":"https:\/\/upas.evvel.org\/index.php?rest_route=\/wp\/v2\/posts\/2993\/revisions\/3002"}],"wp:attachment":[{"href":"https:\/\/upas.evvel.org\/index.php?rest_route=%2Fwp%2Fv2%2Fmedia&parent=2993"}],"wp:term":[{"taxonomy":"category","embeddable":true,"href":"https:\/\/upas.evvel.org\/index.php?rest_route=%2Fwp%2Fv2%2Fcategories&post=2993"},{"taxonomy":"post_tag","embeddable":true,"href":"https:\/\/upas.evvel.org\/index.php?rest_route=%2Fwp%2Fv2%2Ftags&post=2993"}],"curies":[{"name":"wp","href":"https:\/\/api.w.org\/{rel}","templated":true}]}}