{"id":3010,"date":"2025-03-31T11:11:00","date_gmt":"2025-03-31T08:11:00","guid":{"rendered":"https:\/\/upas.evvel.org\/?p=3010"},"modified":"2025-04-03T18:37:26","modified_gmt":"2025-04-03T15:37:26","slug":"sarnic-sait-faik-abasiyanik","status":"publish","type":"post","link":"https:\/\/upas.evvel.org\/?p=3010","title":{"rendered":"&#8220;Sarn\u0131\u00e7&#8221; (Sait Faik Abas\u0131yan\u0131k)"},"content":{"rendered":"\n<div style=\"height:10px\" aria-hidden=\"true\" class=\"wp-block-spacer\"><\/div>\n\n\n<div class=\"wp-block-image\">\n<figure class=\"aligncenter size-large is-resized\"><a href=\"https:\/\/upas.evvel.org\/sarnic.pdf\" target=\"_blank\" rel=\" noreferrer noopener\"><img loading=\"lazy\" decoding=\"async\" width=\"683\" height=\"1024\" src=\"https:\/\/upas.evvel.org\/wp-content\/uploads\/2025\/02\/sarnic-sait-faik-683x1024.jpg\" alt=\"\" class=\"wp-image-3013\" style=\"width:442px;height:auto\" srcset=\"https:\/\/upas.evvel.org\/wp-content\/uploads\/2025\/02\/sarnic-sait-faik-683x1024.jpg 683w, https:\/\/upas.evvel.org\/wp-content\/uploads\/2025\/02\/sarnic-sait-faik-200x300.jpg 200w, https:\/\/upas.evvel.org\/wp-content\/uploads\/2025\/02\/sarnic-sait-faik.jpg 700w\" sizes=\"auto, (max-width: 683px) 100vw, 683px\" \/><\/a><\/figure>\n<\/div>\n\n\n<div style=\"height:7px\" aria-hidden=\"true\" class=\"wp-block-spacer\"><\/div>\n\n\n\n<p class=\"has-text-align-center\">\u201cSarn\u0131\u00e7\u201d<br><strong>Sait Faik Abas\u0131yan\u0131k<\/strong><br>Hik\u00e2yeler, \u015eubat 2025, 120 Sayfa<\/p>\n\n\n\n<p class=\"has-text-align-center\">okumak ve ar\u015fivlemek i\u00e7in:\u00a0<br><a href=\"https:\/\/upas.evvel.org\/sarnic.pdf\" target=\"_blank\" rel=\"noreferrer noopener\">https:\/\/upas.evvel.org\/sarnic.pdf<\/a><\/p>\n\n\n\n<div style=\"height:7px\" aria-hidden=\"true\" class=\"wp-block-spacer\"><\/div>\n\n\n\n<p>T\u00fcrk Edebiyat\u0131\u2019n\u0131n en etkileyici hik\u00e2yecisi\u00a0<strong>Sait Faik<\/strong>\u2018in 1939 y\u0131l\u0131nda kendi imk\u00e2nlar\u0131yla yay\u0131mlad\u0131\u011f\u0131 ikinci hik\u00e2ye kitab\u0131 olan\u00a0<a href=\"https:\/\/upas.evvel.org\/sarnic.pdf\" target=\"_blank\" rel=\"noreferrer noopener\">Sarn\u0131\u00e7<\/a>&#8216;\u0131 okurlar\u0131m\u0131za sunmaktan gurur duyuyoruz.\u00a0<\/p>\n","protected":false},"excerpt":{"rendered":"","protected":false},"author":1,"featured_media":0,"comment_status":"closed","ping_status":"closed","sticky":false,"template":"","format":"standard","meta":{"footnotes":""},"categories":[5],"tags":[74],"class_list":["post-3010","post","type-post","status-publish","format-standard","hentry","category-yayinlar","tag-sait-faik","comments-off"],"_links":{"self":[{"href":"https:\/\/upas.evvel.org\/index.php?rest_route=\/wp\/v2\/posts\/3010","targetHints":{"allow":["GET"]}}],"collection":[{"href":"https:\/\/upas.evvel.org\/index.php?rest_route=\/wp\/v2\/posts"}],"about":[{"href":"https:\/\/upas.evvel.org\/index.php?rest_route=\/wp\/v2\/types\/post"}],"author":[{"embeddable":true,"href":"https:\/\/upas.evvel.org\/index.php?rest_route=\/wp\/v2\/users\/1"}],"replies":[{"embeddable":true,"href":"https:\/\/upas.evvel.org\/index.php?rest_route=%2Fwp%2Fv2%2Fcomments&post=3010"}],"version-history":[{"count":1,"href":"https:\/\/upas.evvel.org\/index.php?rest_route=\/wp\/v2\/posts\/3010\/revisions"}],"predecessor-version":[{"id":3014,"href":"https:\/\/upas.evvel.org\/index.php?rest_route=\/wp\/v2\/posts\/3010\/revisions\/3014"}],"wp:attachment":[{"href":"https:\/\/upas.evvel.org\/index.php?rest_route=%2Fwp%2Fv2%2Fmedia&parent=3010"}],"wp:term":[{"taxonomy":"category","embeddable":true,"href":"https:\/\/upas.evvel.org\/index.php?rest_route=%2Fwp%2Fv2%2Fcategories&post=3010"},{"taxonomy":"post_tag","embeddable":true,"href":"https:\/\/upas.evvel.org\/index.php?rest_route=%2Fwp%2Fv2%2Ftags&post=3010"}],"curies":[{"name":"wp","href":"https:\/\/api.w.org\/{rel}","templated":true}]}}