{"id":3431,"date":"2026-05-01T00:20:25","date_gmt":"2026-04-30T21:20:25","guid":{"rendered":"https:\/\/upas.evvel.org\/?p=3431"},"modified":"2026-05-01T00:21:09","modified_gmt":"2026-04-30T21:21:09","slug":"hurriyetin-yolu-topraktan-uygar-ayhan","status":"publish","type":"post","link":"https:\/\/upas.evvel.org\/?p=3431","title":{"rendered":"\u201cH\u00fcrriyetin Yolu Topraktan\u201d (Uygar Ayhan)"},"content":{"rendered":"\n<div style=\"height:15px\" aria-hidden=\"true\" class=\"wp-block-spacer\"><\/div>\n\n\n<div class=\"wp-block-image\">\n<figure class=\"aligncenter size-full is-resized\"><a href=\"https:\/\/upas.evvel.org\/toprakyol.pdf\" target=\"_blank\" rel=\" noreferrer noopener\"><img loading=\"lazy\" decoding=\"async\" width=\"455\" height=\"639\" src=\"https:\/\/upas.evvel.org\/wp-content\/uploads\/2026\/04\/toprakyol.jpg\" alt=\"\" class=\"wp-image-3432\" style=\"width:361px;height:auto\" srcset=\"https:\/\/upas.evvel.org\/wp-content\/uploads\/2026\/04\/toprakyol.jpg 455w, https:\/\/upas.evvel.org\/wp-content\/uploads\/2026\/04\/toprakyol-214x300.jpg 214w\" sizes=\"auto, (max-width: 455px) 100vw, 455px\" \/><\/a><\/figure>\n<\/div>\n\n\n<p class=\"has-text-align-center\">\u201cH\u00fcrriyetin Yolu Topraktan\u201d<br><strong>Uygar Ayhan<\/strong><br>Anlat\u0131, Nisan 2026, 42 Sayfa<br>okumak i\u00e7in:&nbsp;<a href=\"https:\/\/upas.evvel.org\/toprakyol.pdf\" target=\"_blank\" rel=\"noreferrer noopener\">upas.evvel.org\/toprakyol.pdf<\/a><\/p>\n\n\n\n<p><strong>Uygar Ayhan<\/strong>, <a href=\"https:\/\/upas.evvel.org\/toprakyol.pdf\" target=\"_blank\" rel=\"noreferrer noopener\">\u201cH\u00fcrriyetin Yolu Topraktan\u201d<\/a> adl\u0131 ilk kitab\u0131nda sahici bir uyar\u0131da bulunuyor:  &#8220;Sistem, modern insan\u0131n zihnini bir ku\u015fatma alt\u0131na alm\u0131\u015ft\u0131r. Bu ku\u015fatma o kadar estetize edilmi\u015ftir ki, mahk\u00fbmlar duvarlar\u0131n\u0131 boyamakla ve pencerede onlara g\u00f6sterilen manzaray\u0131 izlemekle me\u015fgul olduklar\u0131ndan, parmakl\u0131klar\u0131n varl\u0131\u011f\u0131n\u0131 unutmu\u015flard\u0131r. Y\u0131ld\u0131zlar\u0131n yeniden g\u00f6zlenebilece\u011fi ve ormanlar\u0131n h\u00fcr bir bi\u00e7imde g\u00f6klere uzanaca\u011f\u0131 g\u00fcnlerin umuduyla\u2026&#8221;<\/p>\n","protected":false},"excerpt":{"rendered":"","protected":false},"author":1,"featured_media":0,"comment_status":"closed","ping_status":"closed","sticky":false,"template":"","format":"standard","meta":{"footnotes":""},"categories":[5],"tags":[176],"class_list":["post-3431","post","type-post","status-publish","format-standard","hentry","category-yayinlar","tag-uygar-ayhan","comments-off"],"_links":{"self":[{"href":"https:\/\/upas.evvel.org\/index.php?rest_route=\/wp\/v2\/posts\/3431","targetHints":{"allow":["GET"]}}],"collection":[{"href":"https:\/\/upas.evvel.org\/index.php?rest_route=\/wp\/v2\/posts"}],"about":[{"href":"https:\/\/upas.evvel.org\/index.php?rest_route=\/wp\/v2\/types\/post"}],"author":[{"embeddable":true,"href":"https:\/\/upas.evvel.org\/index.php?rest_route=\/wp\/v2\/users\/1"}],"replies":[{"embeddable":true,"href":"https:\/\/upas.evvel.org\/index.php?rest_route=%2Fwp%2Fv2%2Fcomments&post=3431"}],"version-history":[{"count":2,"href":"https:\/\/upas.evvel.org\/index.php?rest_route=\/wp\/v2\/posts\/3431\/revisions"}],"predecessor-version":[{"id":3434,"href":"https:\/\/upas.evvel.org\/index.php?rest_route=\/wp\/v2\/posts\/3431\/revisions\/3434"}],"wp:attachment":[{"href":"https:\/\/upas.evvel.org\/index.php?rest_route=%2Fwp%2Fv2%2Fmedia&parent=3431"}],"wp:term":[{"taxonomy":"category","embeddable":true,"href":"https:\/\/upas.evvel.org\/index.php?rest_route=%2Fwp%2Fv2%2Fcategories&post=3431"},{"taxonomy":"post_tag","embeddable":true,"href":"https:\/\/upas.evvel.org\/index.php?rest_route=%2Fwp%2Fv2%2Ftags&post=3431"}],"curies":[{"name":"wp","href":"https:\/\/api.w.org\/{rel}","templated":true}]}}