{"id":363,"date":"2018-10-02T10:01:31","date_gmt":"2018-10-02T07:01:31","guid":{"rendered":"https:\/\/upas.evvel.org\/?p=363"},"modified":"2021-08-05T22:42:06","modified_gmt":"2021-08-05T19:42:06","slug":"firtina-oncesi-gece-zafer-yalcinpinar","status":"publish","type":"post","link":"https:\/\/upas.evvel.org\/?p=363","title":{"rendered":"F\u0131rt\u0131na \u00d6ncesi Gece (Zafer Yal\u00e7\u0131np\u0131nar)"},"content":{"rendered":"<p>&#8220;<strong>FIRTINA \u00d6NCES\u0130:- Gece<\/strong>; a\u011flar\u0131n, oltalar\u0131n ve m\u00fcrekkebin d\u00fc\u011f\u00fcm\u00fcn\u00fc \u00e7\u00f6z\u00fcyor, siyah i\u00e7inin b\u00fct\u00fcnledi\u011fi g\u00f6r\u00fcnmez bir hi\u00e7lik i\u011fnesiyle&#8230; Ya\u015fam\u0131n, denizin, hisarlar\u0131n ve r\u00fczg\u00e2r\u0131n gam\u0131n\u0131 al\u0131yor, zehrini kesiyor, sa\u011falt\u0131yor, her \u015feyin derdini azalt\u0131yor gece&#8230; Karanl\u0131kta kalm\u0131\u015f bir s\u00fctliman tahayy\u00fcl edin: Kar\u0131ncalar\u0131n med cezir sular\u0131yla dertle\u015fti\u011fi, anlay\u0131\u015fl\u0131, bilge, yosunlu, k\u00f6hne, kendine b\u00fcr\u00fcnm\u00fc\u015f, ke\u00e7ele\u015fmi\u015f, s\u0131n\u0131rs\u0131z bir yutak ya da &#8216;s\u0131f\u0131r b\u00f6l\u00fc s\u0131f\u0131r&#8217; gibi -yo\u011fun bak\u0131mlara, duyulmam\u0131\u015f ezgilerin sezilmesine benzer- dantelimsi, yaz\u0131lmaya ve imlemeye haz\u0131r, de\u011ferli, kara duygularla \u00f6rg\u00fcn, \u015fiirsel ve \u00f6zg\u00fcr: <strong>Gece.<\/strong>&#8221;<\/p>\n<p><strong><a href=\"https:\/\/www.zaferyalcinpinar.info\">Zafer Yal\u00e7\u0131np\u0131nar<\/a><\/strong><\/p>\n","protected":false},"excerpt":{"rendered":"","protected":false},"author":1,"featured_media":0,"comment_status":"closed","ping_status":"closed","sticky":false,"template":"","format":"standard","meta":{"footnotes":""},"categories":[1],"tags":[18],"class_list":["post-363","post","type-post","status-publish","format-standard","hentry","category-uncategorized","tag-zafer-yalcinpinar","comments-off"],"_links":{"self":[{"href":"https:\/\/upas.evvel.org\/index.php?rest_route=\/wp\/v2\/posts\/363","targetHints":{"allow":["GET"]}}],"collection":[{"href":"https:\/\/upas.evvel.org\/index.php?rest_route=\/wp\/v2\/posts"}],"about":[{"href":"https:\/\/upas.evvel.org\/index.php?rest_route=\/wp\/v2\/types\/post"}],"author":[{"embeddable":true,"href":"https:\/\/upas.evvel.org\/index.php?rest_route=\/wp\/v2\/users\/1"}],"replies":[{"embeddable":true,"href":"https:\/\/upas.evvel.org\/index.php?rest_route=%2Fwp%2Fv2%2Fcomments&post=363"}],"version-history":[{"count":2,"href":"https:\/\/upas.evvel.org\/index.php?rest_route=\/wp\/v2\/posts\/363\/revisions"}],"predecessor-version":[{"id":1743,"href":"https:\/\/upas.evvel.org\/index.php?rest_route=\/wp\/v2\/posts\/363\/revisions\/1743"}],"wp:attachment":[{"href":"https:\/\/upas.evvel.org\/index.php?rest_route=%2Fwp%2Fv2%2Fmedia&parent=363"}],"wp:term":[{"taxonomy":"category","embeddable":true,"href":"https:\/\/upas.evvel.org\/index.php?rest_route=%2Fwp%2Fv2%2Fcategories&post=363"},{"taxonomy":"post_tag","embeddable":true,"href":"https:\/\/upas.evvel.org\/index.php?rest_route=%2Fwp%2Fv2%2Ftags&post=363"}],"curies":[{"name":"wp","href":"https:\/\/api.w.org\/{rel}","templated":true}]}}