{"id":501,"date":"2018-12-05T16:46:31","date_gmt":"2018-12-05T14:46:31","guid":{"rendered":"https:\/\/upas.evvel.org\/?p=501"},"modified":"2023-11-21T07:10:53","modified_gmt":"2023-11-21T05:10:53","slug":"arthur-rimbaudun-ve-paul-verlainein-emniyet-mudurlugundeki-ilk-ifadeleri-temmuz-1873","status":"publish","type":"post","link":"https:\/\/upas.evvel.org\/?p=501","title":{"rendered":"Arthur Rimbaud\u2019nun ve Paul Verlaine\u2019nin Emniyet M\u00fcd\u00fcrl\u00fc\u011f\u00fc\u2019ndeki \u0130lk \u0130fadeleri (Temmuz 1873)"},"content":{"rendered":"<p><img loading=\"lazy\" decoding=\"async\" class=\"alignnone size-full wp-image-502\" src=\"https:\/\/upas.evvel.org\/wp-content\/uploads\/2018\/12\/verlainesilah.jpg\" alt=\"\" width=\"1600\" height=\"960\" \/><\/p>\n<p style=\"text-align: center;\"><em>&#8220;Paul Verlaine&#8217;in Arthur Rimbaud&#8217;yu yaralad\u0131\u011f\u0131 silah\u0131n orjinal g\u00f6r\u00fcnt\u00fcs\u00fc&#8221;<\/em><\/p>\n<p>\u00dcnl\u00fc Frans\u0131z \u015fair Arthur Rimbaud&#8217;nun \u00f6l\u00fcm\u00fcn k\u0131y\u0131s\u0131na gelmesine sebep olan silah Paris&#8217;te d\u00fczenlenen bir a\u00e7\u0131k art\u0131rma ile 434,500 Euro&#8217;ya sat\u0131ld\u0131. Silah Paul Verlaine&#8217;in sevgilisi ve dostu Arthur Rimbaud&#8217;yu \u00f6ld\u00fcrmeye \u00e7al\u0131\u015ft\u0131\u011f\u0131 s\u0131rada kullan\u0131lm\u0131\u015ft\u0131. Arthur Rimbaud ile birlikte olmak i\u00e7in kar\u0131s\u0131n\u0131 ve \u00e7ocu\u011funu terk eden Paul Verlaine&#8217;in bu silah\u0131 Rimbaud&#8217;yla iki y\u0131l s\u00fcren yak\u0131c\u0131 a\u015fk ili\u015fkisine bir son vermek \u00fczere 10 Temmuz 1873&#8217;te Br\u00fcksel&#8217;de ald\u0131\u011f\u0131 biliniyor. Londra&#8217;da alkol ve uyu\u015fturucuyla ge\u00e7en ve Rimbaud&#8217;ya<em> Cehennemde Bir Mevsim<\/em>&#8216;i yazmas\u0131nda ilham olan g\u00fcnlerin ard\u0131ndan Verlaine kar\u0131s\u0131na geri d\u00f6nmek istemi\u015f ve Rimbaud&#8217;dan uzakla\u015fmak i\u00e7in Br\u00fcksel&#8217;e gelmi\u015fti. Fakat gen\u00e7 \u015fair onu yine de takip etti. \u0130kili aras\u0131nda otel odas\u0131nda ge\u00e7en bir tart\u0131\u015fma s\u0131ras\u0131nda Verlaine sat\u0131n ald\u0131\u011f\u0131 silah\u0131 Rimbaud&#8217;ya do\u011frultmu\u015f ve iki kez ate\u015f etmi\u015fti. Kur\u015funlardan biri duvara saplan\u0131rken di\u011feri de Rimbaud&#8217;yu bile\u011finden yaralam\u0131\u015ft\u0131. Fakat bu sald\u0131r\u0131 da Rimbaud&#8217;yu durdurmaya yetmemi\u015f ve \u015fair Verlaine&#8217;den ayr\u0131lmay\u0131 reddetmi\u015fti. Verlaine bu kez sokak ortas\u0131nda Rimbaud&#8217;ya silah do\u011frultunca \u00f6nce g\u00f6zalt\u0131na al\u0131nd\u0131, ard\u0131ndan da iki y\u0131l hapse mahk\u00fbm edildi. <em>(The Guardian, Aral\u0131k 2016)<\/em><\/p>\n<hr \/>\n<p style=\"text-align: center;\"><img loading=\"lazy\" decoding=\"async\" class=\"alignnone size-full wp-image-504\" src=\"https:\/\/upas.evvel.org\/wp-content\/uploads\/2018\/12\/verlaineifade.jpg\" alt=\"\" width=\"500\" height=\"539\" \/><\/p>\n<p style=\"text-align: center;\"><strong>Rimbaud\u2019nun Mektuplar\u0131<\/strong><br \/>\u00c7ev: Tahsin Sara\u00e7, D\u00fc\u015f\u00fcn Yay\u0131nevi, 1.Bask\u0131, 1985, s.35<\/p>\n<hr \/>\n<p style=\"text-align: center;\"><img loading=\"lazy\" decoding=\"async\" class=\"alignnone size-full wp-image-503\" src=\"https:\/\/upas.evvel.org\/wp-content\/uploads\/2018\/12\/rimbaudifade.jpg\" alt=\"\" width=\"500\" height=\"800\" \/><\/p>\n<p style=\"text-align: center;\"><strong>Rimbaud\u2019nun Mektuplar\u0131<\/strong><br \/>\u00c7ev: Tahsin Sara\u00e7, D\u00fc\u015f\u00fcn Yay\u0131nevi, 1.Bask\u0131, 1985, s.41<\/p>\n\n\n<p style=\"text-align:left\">Ayr\u0131ca bkz: <br>&#8211; <a rel=\"noreferrer noopener\" aria-label=\"Arthur Rimbaud\u2019dan Ev Halk\u0131na Mektup Var! (1885-1891) (yeni sekmede a\u00e7\u0131l\u0131r)\" href=\"https:\/\/upas.evvel.org\/?p=2402\" target=\"_blank\">Arthur Rimbaud\u2019dan Ev Halk\u0131na Mektup Var! (1885-1891)<\/a><br>&#8211;  <a href=\"https:\/\/upas.evvel.org\/?p=2419\">Ernest Hemingway\u2019den Ezra Pound\u2019a mektup var! (1943-1958)<\/a> <br>&#8211;  <a href=\"https:\/\/upas.evvel.org\/?p=2434\">Charles Baudelaire\u2019in son g\u00fcnleri ve annesine yazd\u0131\u011f\u0131 mektuplar\u2026 (1886)<\/a> <\/p>\n","protected":false},"excerpt":{"rendered":"","protected":false},"author":1,"featured_media":0,"comment_status":"closed","ping_status":"closed","sticky":false,"template":"","format":"standard","meta":{"footnotes":""},"categories":[24,1],"tags":[75,76],"class_list":["post-501","post","type-post","status-publish","format-standard","hentry","category-gorungu","category-uncategorized","tag-arthur-rimbaud","tag-paul-verlaine","comments-off"],"_links":{"self":[{"href":"https:\/\/upas.evvel.org\/index.php?rest_route=\/wp\/v2\/posts\/501","targetHints":{"allow":["GET"]}}],"collection":[{"href":"https:\/\/upas.evvel.org\/index.php?rest_route=\/wp\/v2\/posts"}],"about":[{"href":"https:\/\/upas.evvel.org\/index.php?rest_route=\/wp\/v2\/types\/post"}],"author":[{"embeddable":true,"href":"https:\/\/upas.evvel.org\/index.php?rest_route=\/wp\/v2\/users\/1"}],"replies":[{"embeddable":true,"href":"https:\/\/upas.evvel.org\/index.php?rest_route=%2Fwp%2Fv2%2Fcomments&post=501"}],"version-history":[{"count":9,"href":"https:\/\/upas.evvel.org\/index.php?rest_route=\/wp\/v2\/posts\/501\/revisions"}],"predecessor-version":[{"id":2450,"href":"https:\/\/upas.evvel.org\/index.php?rest_route=\/wp\/v2\/posts\/501\/revisions\/2450"}],"wp:attachment":[{"href":"https:\/\/upas.evvel.org\/index.php?rest_route=%2Fwp%2Fv2%2Fmedia&parent=501"}],"wp:term":[{"taxonomy":"category","embeddable":true,"href":"https:\/\/upas.evvel.org\/index.php?rest_route=%2Fwp%2Fv2%2Fcategories&post=501"},{"taxonomy":"post_tag","embeddable":true,"href":"https:\/\/upas.evvel.org\/index.php?rest_route=%2Fwp%2Fv2%2Ftags&post=501"}],"curies":[{"name":"wp","href":"https:\/\/api.w.org\/{rel}","templated":true}]}}