{"id":630,"date":"2019-01-03T13:30:21","date_gmt":"2019-01-03T11:30:21","guid":{"rendered":"https:\/\/upas.evvel.org\/?p=630"},"modified":"2022-04-19T22:08:01","modified_gmt":"2022-04-19T19:08:01","slug":"bir-urkekligi-yasatmak-furkan-berber","status":"publish","type":"post","link":"https:\/\/upas.evvel.org\/?p=630","title":{"rendered":"&#8220;Bir \u00dcrkekli\u011fi Ya\u015fatmak&#8221; (Furkan Berber)"},"content":{"rendered":"\n<div style=\"height:48px\" aria-hidden=\"true\" class=\"wp-block-spacer\"><\/div>\n\n\n\n<div class=\"wp-block-image\"><figure class=\"aligncenter\"><a href=\"https:\/\/upas.evvel.org\/birurkekligiyasatmak.pdf\" target=\"_blank\" rel=\"noreferrer noopener\"><img loading=\"lazy\" decoding=\"async\" width=\"500\" height=\"500\" src=\"https:\/\/upas.evvel.org\/wp-content\/uploads\/2019\/01\/birurkeklik.jpg\" alt=\"\" class=\"wp-image-629\"\/><\/a><\/figure><\/div>\n\n\n\n<p style=\"text-align:center\"><strong>Bir \u00dcrkekli\u011fi Ya\u015fatmak<\/strong>, Furkan Berber<br> UPAS Yay\u0131n\/\u015eiir, Ocak 2019, 20 Sayfa<br> Okumak i\u00e7in: <a rel=\"noreferrer noopener\" aria-label=\" (yeni sekmede a\u00e7\u0131l\u0131r)\" href=\"https:\/\/upas.evvel.org\/birurkekligiyasatmak.pdf\" target=\"_blank\">upas.evvel.org\/birurkekligiyasatmak.pdf<\/a><\/p>\n\n\n\n<p>&#8220;<strong>Furkan Berber<\/strong>&#8216;in \u015fiirlerindeki erdem, billurla\u015ft\u0131r\u0131lm\u0131\u015f, dingin ve yal\u0131n bir anlat\u0131m\u0131n t\u00fcm imk\u00e2nlar\u0131n\u0131 okurun zihnine sunuyor. <a href=\"https:\/\/upas.evvel.org\/birurkekligiyasatmak.pdf\" target=\"_blank\" rel=\"noreferrer noopener\" aria-label=\" (yeni sekmede a\u00e7\u0131l\u0131r)\">Bir \u00dcrkekli\u011fi Ya\u015fatmak<\/a>&#8216;taki dizeleri okudu\u011funuzda &#8216;\u015fiirsel t\u00f6z&#8217;\u00fcn derin bir g\u00f6lde (durgun sular\u0131n alt\u0131nda) veya bir antik kentte (tarihsel g\u00f6m\u00fcn\u00fcn aras\u0131nda) kama\u015farak dinlendi\u011fini duyumsayacaks\u0131n\u0131z.&#8221; (Zafer Yal\u00e7\u0131np\u0131nar)<\/p>\n","protected":false},"excerpt":{"rendered":"","protected":false},"author":1,"featured_media":0,"comment_status":"closed","ping_status":"closed","sticky":false,"template":"","format":"standard","meta":{"footnotes":""},"categories":[5],"tags":[80],"class_list":["post-630","post","type-post","status-publish","format-standard","hentry","category-yayinlar","tag-furkan-berber","comments-off"],"_links":{"self":[{"href":"https:\/\/upas.evvel.org\/index.php?rest_route=\/wp\/v2\/posts\/630","targetHints":{"allow":["GET"]}}],"collection":[{"href":"https:\/\/upas.evvel.org\/index.php?rest_route=\/wp\/v2\/posts"}],"about":[{"href":"https:\/\/upas.evvel.org\/index.php?rest_route=\/wp\/v2\/types\/post"}],"author":[{"embeddable":true,"href":"https:\/\/upas.evvel.org\/index.php?rest_route=\/wp\/v2\/users\/1"}],"replies":[{"embeddable":true,"href":"https:\/\/upas.evvel.org\/index.php?rest_route=%2Fwp%2Fv2%2Fcomments&post=630"}],"version-history":[{"count":2,"href":"https:\/\/upas.evvel.org\/index.php?rest_route=\/wp\/v2\/posts\/630\/revisions"}],"predecessor-version":[{"id":1941,"href":"https:\/\/upas.evvel.org\/index.php?rest_route=\/wp\/v2\/posts\/630\/revisions\/1941"}],"wp:attachment":[{"href":"https:\/\/upas.evvel.org\/index.php?rest_route=%2Fwp%2Fv2%2Fmedia&parent=630"}],"wp:term":[{"taxonomy":"category","embeddable":true,"href":"https:\/\/upas.evvel.org\/index.php?rest_route=%2Fwp%2Fv2%2Fcategories&post=630"},{"taxonomy":"post_tag","embeddable":true,"href":"https:\/\/upas.evvel.org\/index.php?rest_route=%2Fwp%2Fv2%2Ftags&post=630"}],"curies":[{"name":"wp","href":"https:\/\/api.w.org\/{rel}","templated":true}]}}