{"id":633,"date":"2019-01-05T23:03:27","date_gmt":"2019-01-05T21:03:27","guid":{"rendered":"https:\/\/upas.evvel.org\/?p=633"},"modified":"2024-03-06T08:21:23","modified_gmt":"2024-03-06T05:21:23","slug":"uc-dogu-yek-janset-karavin","status":"publish","type":"post","link":"https:\/\/upas.evvel.org\/?p=633","title":{"rendered":"&#8220;U\u00e7 Do\u011fu -Yek-&#8221; (Janset Karavin)"},"content":{"rendered":"\n<div style=\"height:20px\" aria-hidden=\"true\" class=\"wp-block-spacer\"><\/div>\n\n\n<div class=\"wp-block-image\">\n<figure class=\"aligncenter\"><a href=\"https:\/\/bit.ly\/ucdogu\" target=\"_blank\" rel=\"noreferrer noopener\"><img loading=\"lazy\" decoding=\"async\" width=\"500\" height=\"520\" src=\"https:\/\/upas.evvel.org\/wp-content\/uploads\/2019\/01\/ucdogu.jpg\" alt=\"\" class=\"wp-image-634\"\/><\/a><\/figure>\n<\/div>\n\n\n<p class=\"has-text-align-center\"><strong>U\u00e7 Do\u011fu -Yek-<\/strong>, Janset Karavin<br> UPAS Yay\u0131n\/\u015eiir, Ocak 2019, 14 Sayfa<br> Okumak i\u00e7in: <a href=\"https:\/\/upas.evvel.org\/ucdogu.pdf\" target=\"_blank\" rel=\"noreferrer noopener\">https:\/\/upas.evvel.org\/ucdogu.pdf<\/a><\/p>\n\n\n\n<p><strong>Janset Karavin<\/strong> \u015fiirleri, co\u011frafyam\u0131z\u0131n &#8216;kara ger\u00e7e\u011fi&#8217;nde y\u00fczeyle\u015fen tarihsel \u00e7atlaklar\u0131 bir dantel \u00f6rg\u00fcs\u00fc titizli\u011finde i\u015fliyor: <a href=\"https:\/\/upas.evvel.org\/ucdogu.pdf\" target=\"_blank\" rel=\"noreferrer noopener\">U\u00e7 Do\u011fu<\/a>&#8216;nun imgelemi, i\u00e7erdi\u011fi dilsel motiflerle birlikte &#8216;po\u00e8me en prose&#8217; (nesir \u015fiir) t\u00fcr\u00fcn\u00fc g\u00fcncelleyen \u00f6zel bir nitelik ta\u015f\u0131yor. <em>(Zafer Yal\u00e7\u0131np\u0131nar)<\/em><\/p>\n","protected":false},"excerpt":{"rendered":"","protected":false},"author":1,"featured_media":0,"comment_status":"closed","ping_status":"closed","sticky":false,"template":"","format":"standard","meta":{"footnotes":""},"categories":[5],"tags":[13],"class_list":["post-633","post","type-post","status-publish","format-standard","hentry","category-yayinlar","tag-janset-karavin","comments-off"],"_links":{"self":[{"href":"https:\/\/upas.evvel.org\/index.php?rest_route=\/wp\/v2\/posts\/633","targetHints":{"allow":["GET"]}}],"collection":[{"href":"https:\/\/upas.evvel.org\/index.php?rest_route=\/wp\/v2\/posts"}],"about":[{"href":"https:\/\/upas.evvel.org\/index.php?rest_route=\/wp\/v2\/types\/post"}],"author":[{"embeddable":true,"href":"https:\/\/upas.evvel.org\/index.php?rest_route=\/wp\/v2\/users\/1"}],"replies":[{"embeddable":true,"href":"https:\/\/upas.evvel.org\/index.php?rest_route=%2Fwp%2Fv2%2Fcomments&post=633"}],"version-history":[{"count":4,"href":"https:\/\/upas.evvel.org\/index.php?rest_route=\/wp\/v2\/posts\/633\/revisions"}],"predecessor-version":[{"id":2593,"href":"https:\/\/upas.evvel.org\/index.php?rest_route=\/wp\/v2\/posts\/633\/revisions\/2593"}],"wp:attachment":[{"href":"https:\/\/upas.evvel.org\/index.php?rest_route=%2Fwp%2Fv2%2Fmedia&parent=633"}],"wp:term":[{"taxonomy":"category","embeddable":true,"href":"https:\/\/upas.evvel.org\/index.php?rest_route=%2Fwp%2Fv2%2Fcategories&post=633"},{"taxonomy":"post_tag","embeddable":true,"href":"https:\/\/upas.evvel.org\/index.php?rest_route=%2Fwp%2Fv2%2Ftags&post=633"}],"curies":[{"name":"wp","href":"https:\/\/api.w.org\/{rel}","templated":true}]}}