{"id":878,"date":"2023-06-01T16:37:26","date_gmt":"2023-06-01T13:37:26","guid":{"rendered":"https:\/\/upas.evvel.org\/?p=878"},"modified":"2023-06-18T17:11:55","modified_gmt":"2023-06-18T14:11:55","slug":"ece-ayhan-ve-imgelemin-ozgurlesmesi","status":"publish","type":"post","link":"https:\/\/upas.evvel.org\/?p=878","title":{"rendered":"Ece Ayhan ve \u2018\u0130mgelemin \u00d6zg\u00fcrle\u015fmesi\u2019"},"content":{"rendered":"\n<p>(\u2026) Ece Ayhan, el de\u011fi\u015ftiren tarihsel gaddarl\u0131klar\u0131 \u015fiirlerinde i\u015flerken kimseye \u2018Eyvallah!\u2019 demiyor ve bu durum onu sonsuz derecede b\u00fcy\u00fck bir ba\u011f\u0131ms\u0131zl\u0131\u011fa, hakl\u0131l\u0131\u011f\u0131n inad\u0131na, hakikate, anlama, kalb ve vicdan aray\u0131\u015f\u0131na ula\u015ft\u0131r\u0131yor. Bu ba\u011f\u0131ms\u0131z duru\u015fla birlikte, mevcut edebiyat\u0131m\u0131z\u0131 binlerce kez ge\u00e7erek kendi \u2018imgesel alan derinli\u011fini\u2019 olu\u015fturuyor. \u0130\u015fte, Ece Ayhan\u2019\u0131n as\u0131l b\u00fcy\u00fck ve becerikli oldu\u011fu nokta da bu tip bir poetika kurmak inad\u0131d\u0131r. Ben bu durumu \u2018imgelemin \u00f6zg\u00fcrle\u015fmesi\u2019 olarak tan\u0131ml\u0131yorum. (\u2026) Ece Ayhan \u00e7ok b\u00fcy\u00fck, gelece\u011fi imleyen, gelece\u011fe uzanan, ya\u015fad\u0131\u011f\u0131 co\u011frafyan\u0131n her yalan\u0131n\u0131, her tarihsel kand\u0131rmacay\u0131 ortaya seren, tipolojik hedeflerle kurulmu\u015f, tarihsel gaddarl\u0131klar\u0131n ve stat\u00fckonun vurgulanarak ortadan kald\u0131r\u0131ld\u0131\u011f\u0131, yerildi\u011fi, rezil edildi\u011fi \u00e7ok b\u00fcy\u00fck bir imgesel alan derinli\u011fini dile getiriyor. Bu imgesel alan derinli\u011fi yeni bir \u015fiirsel dil ve yeni bir \u2018\u015fiirsel y\u00fck\u2019 olu\u015fturuyor. Dile getirilen bu b\u00fcy\u00fck \u015fiirselli\u011fin alt\u0131nda herkes eziliyor. Ece Ayhan a\u00e7\u0131k arayla \u015fiirinde herkesin \u00f6n\u00fcne ge\u00e7iyor ve kendisini \u2018s\u0131k\u0131 \u015fiir\u2019e vererek \u2018yeni bir insanl\u0131k\u2019 i\u00e7in \u2018iyi bir g\u00fcne\u015f\u2019i imliyor. B\u00f6ylesi bir \u2018dile getiri\u015f\u2019 ve imgelem, \u015fiir tarihimizde -hatta, sanat tarihimizde- yeni bir bili\u015fsel \u00e7a\u011f a\u00e7m\u0131\u015ft\u0131r. (\u2026)<\/p>\n\n\n\n<p><em><a rel=\"noreferrer noopener\" aria-label=\" (yeni sekmede a\u00e7\u0131l\u0131r)\" href=\"https:\/\/www.zaferyalcinpinar.info\/\" target=\"_blank\">Zafer Yal\u00e7\u0131np\u0131nar<\/a>,&nbsp;<strong>2015<\/strong><br><strong><a rel=\"noreferrer noopener\" href=\"https:\/\/bit.ly\/ruzgarisiirlemek\" target=\"_blank\">\u201cR\u00fczg\u00e2r\u0131 \u015eiirlemek\u201d<\/a>&nbsp;adl\u0131 s\u00f6yle\u015fiden\u2026<\/strong><br>Tamam\u0131n\u0131 okumak i\u00e7in:&nbsp;<a rel=\"noreferrer noopener\" href=\"https:\/\/bit.ly\/ruzgarisiirlemek\" target=\"_blank\">bit.ly\/ruzgarisiirlemek<\/a><\/em><\/p>\n\n\n\n<hr class=\"wp-block-separator is-style-wide\"\/>\n\n\n\n<p style=\"text-align:right\"><strong>Ece Ayhan<\/strong>&#8216;a Dair \u00c7e\u015fitli Kaynaklar-Ara\u015ft\u0131rmalar;<br>1\/ Ece Ayhan Web Sitesi: <a rel=\"noreferrer noopener\" aria-label=\"https:\/\/zaferyalcinpinar.com\/bakissiz.html (yeni sekmede a\u00e7\u0131l\u0131r)\" href=\"https:\/\/zaferyalcinpinar.com\/bakissiz.html\" target=\"_blank\">https:\/\/zaferyalcinpinar.com\/bakissiz.html<\/a><br>2\/ Ece Ayhan \u0130ndeksi: <a rel=\"noreferrer noopener\" aria-label=\"https:\/\/bit.ly\/eceindeks (yeni sekmede a\u00e7\u0131l\u0131r)\" href=\"https:\/\/bit.ly\/eceindeks\" target=\"_blank\">https:\/\/bit.ly\/eceindeks<\/a><br><\/p>\n","protected":false},"excerpt":{"rendered":"","protected":false},"author":1,"featured_media":0,"comment_status":"closed","ping_status":"closed","sticky":false,"template":"","format":"standard","meta":{"footnotes":""},"categories":[24,1],"tags":[78,18],"class_list":["post-878","post","type-post","status-publish","format-standard","hentry","category-gorungu","category-uncategorized","tag-ece-ayhan","tag-zafer-yalcinpinar","comments-off"],"_links":{"self":[{"href":"https:\/\/upas.evvel.org\/index.php?rest_route=\/wp\/v2\/posts\/878","targetHints":{"allow":["GET"]}}],"collection":[{"href":"https:\/\/upas.evvel.org\/index.php?rest_route=\/wp\/v2\/posts"}],"about":[{"href":"https:\/\/upas.evvel.org\/index.php?rest_route=\/wp\/v2\/types\/post"}],"author":[{"embeddable":true,"href":"https:\/\/upas.evvel.org\/index.php?rest_route=\/wp\/v2\/users\/1"}],"replies":[{"embeddable":true,"href":"https:\/\/upas.evvel.org\/index.php?rest_route=%2Fwp%2Fv2%2Fcomments&post=878"}],"version-history":[{"count":3,"href":"https:\/\/upas.evvel.org\/index.php?rest_route=\/wp\/v2\/posts\/878\/revisions"}],"predecessor-version":[{"id":2293,"href":"https:\/\/upas.evvel.org\/index.php?rest_route=\/wp\/v2\/posts\/878\/revisions\/2293"}],"wp:attachment":[{"href":"https:\/\/upas.evvel.org\/index.php?rest_route=%2Fwp%2Fv2%2Fmedia&parent=878"}],"wp:term":[{"taxonomy":"category","embeddable":true,"href":"https:\/\/upas.evvel.org\/index.php?rest_route=%2Fwp%2Fv2%2Fcategories&post=878"},{"taxonomy":"post_tag","embeddable":true,"href":"https:\/\/upas.evvel.org\/index.php?rest_route=%2Fwp%2Fv2%2Ftags&post=878"}],"curies":[{"name":"wp","href":"https:\/\/api.w.org\/{rel}","templated":true}]}}