{"id":967,"date":"2019-10-20T17:12:11","date_gmt":"2019-10-20T14:12:11","guid":{"rendered":"https:\/\/upas.evvel.org\/?p=967"},"modified":"2020-01-15T10:55:49","modified_gmt":"2020-01-15T08:55:49","slug":"yillanmis-zehir-emirhan-guvendevami-gelecek","status":"publish","type":"post","link":"https:\/\/upas.evvel.org\/?p=967","title":{"rendered":"YILLANMI\u015e ZEH\u0130R (Emir Alisipahi)"},"content":{"rendered":"\n<p>a\u011f\u0131rla\u015ft\u0131k\u00e7a;<br>\na\u011f\u0131rla\u015f\u0131yor.<\/p>\n\n\n\n<p>ma\u011frur timsahlar\u0131n s\u00fck\u00fbnetiyle,<br>\nvarl\u0131\u011f\u0131 kavrayan ad\u0131mlar\u0131n ard\u0131nda,<br>\nhep ayn\u0131 izi b\u0131rak\u0131yor nallar;<br>\nYan\u0131lg\u0131.<br>\ngece gaddar.<br>\n\u00f6rt\u00fcn\u00fcyor v\u00fccutlar,<br>\nk\u0131l\u0131\u00e7 korkusundan.<br>\nkaranl\u0131k y\u0131rt\u0131nca ac\u0131y\u0131,<br>\nUs-land\u0131r\u0131yor,<br>\nkan revan.<br>\n-darkness, darkness-<\/p>\n\n\n\n<p>a\u011f\u0131rla\u015ft\u0131k\u00e7a;<br>\na\u011f\u0131rla\u015f\u0131yor.<\/p>\n\n\n\n<p>\u015fahlanan laflar kofa eriyor,<br>\ng\u00f6receli rezaletin ard\u0131nda.<br>\nk\u0131ymet ancak \u00f6l\u00fcmde ta\u00e7lan\u0131yor,<br>\nk\u00fc\u00e7\u00fck da\u011flar\u0131n koy(u)nunda.<\/p>\n\n\n\n<p>hybris de kendi ekme\u011finde,<br>\ngebedir on as\u0131rl\u0131k \u00f6m\u00fcrlere.<\/p>\n\n\n\n<p>mutla\u011f\u0131d\u0131r o ferlerin,<br>\nk\u0131r\u0131lgan yan\u0131lsamalar\u0131n.<br>\ndamlar k\u00f6rpe retori\u011finden,<br>\nfesad\u0131n karanl\u0131k huylar\u0131.<br>\n-ahmak,<br>\nsuretiyle d\u00f6v\u00fc\u015f\u00fcrken-<br>\numudu t\u00f6kezleniyor sabahlar\u0131n.<br>\nve dizlerde d\u00fc\u011f\u00fcmlenerek, <br>\n\u00e7a\u011flan\u0131yor topal h\u00fcz\u00fcn.<br>\n-si bemol min\u00f6r-<\/p>\n\n\n\n<p>a\u011f\u0131rla\u015ft\u0131k\u00e7a;<br>\na\u011f\u0131rla\u015f\u0131yor.<\/p>\n\n\n\n<p>-her\u015fey-<br>\n\u00f6z\u00fcnde,<br>\ngizleniyor.<br>\npek g\u00f6z a\u00e7t\u0131rm\u0131yorlar geceye.<br>\n\u00e7\u00fcnk\u00fc giz, <br>\ngecede soluklan\u0131yor.<\/p>\n\n\n\n<p>g\u00fcne\u015fi batmaz al\u00e7aklar\u0131n,<br>\nsoysuz i\u011fdi\u015fidir bu.<br>\nkemikle\u015ferek sinen yalan\u0131n,<br>\nkemiksizlere kar\u015f\u0131 z\u00fblm\u00fcd\u00fcr.<br>\nbal \u00e7al\u0131nmaz dillerin kederi,<br>\nba\u015fkald\u0131r\u0131yla d\u00f6lleyecek imgeyi.<br>\nart\u0131k,<br>\nderisi s\u0131yr\u0131lmaz bu bal\u0131\u011f\u0131n.<\/p>\n\n\n\n<p>ars\u0131z kalpazanlar\u0131n vebali,<br>\nh\u00fck\u00fcms\u00fcz olana y\u00fcklenecek.<br>\nac\u0131narak; ac\u0131yacak.<br>\nve fakat,<br>\nac\u0131yarak<br>\nda,<br>\nac\u0131yacak.<br>\nac\u0131:<br>\n\u00f6z\u00fcnde.<br>\nkristalize.<br>\nve ac\u0131n\u0131n, <br>\nac\u0131da biti\u015fti\u011fi o g\u00fcn,<br>\nel\u00e2ya \u00e7alarsa e\u011fer g\u00f6zlerin,<br>\n-yar\u0131m kalan yar\u0131nlardan-<br>\nazad edecek bizi sevgi!<br>\n-kirlenmi\u015f \u00e7\u0131\u011fl\u0131k-<\/p>\n\n\n\n<p><strong><a href=\"https:\/\/upas.evvel.org\/?tag=emir-alisipahi\">Emir AL\u0130S\u0130PAH\u0130<\/a><\/strong><\/p>\n\n\n\n<hr class=\"wp-block-separator is-style-wide\"\/>\n\n\n\n<p> Ayr\u0131ca bkz: <a href=\"https:\/\/bit.ly\/sifatsiz\" target=\"_blank\" rel=\"noreferrer noopener\" aria-label=\" (yeni sekmede a\u00e7\u0131l\u0131r)\">S\u0131fats\u0131z Tamlama<\/a><\/p>\n","protected":false},"excerpt":{"rendered":"","protected":false},"author":1,"featured_media":0,"comment_status":"closed","ping_status":"closed","sticky":false,"template":"","format":"standard","meta":{"footnotes":""},"categories":[1],"tags":[87],"class_list":["post-967","post","type-post","status-publish","format-standard","hentry","category-uncategorized","tag-emir-alisipahi","comments-off"],"_links":{"self":[{"href":"https:\/\/upas.evvel.org\/index.php?rest_route=\/wp\/v2\/posts\/967","targetHints":{"allow":["GET"]}}],"collection":[{"href":"https:\/\/upas.evvel.org\/index.php?rest_route=\/wp\/v2\/posts"}],"about":[{"href":"https:\/\/upas.evvel.org\/index.php?rest_route=\/wp\/v2\/types\/post"}],"author":[{"embeddable":true,"href":"https:\/\/upas.evvel.org\/index.php?rest_route=\/wp\/v2\/users\/1"}],"replies":[{"embeddable":true,"href":"https:\/\/upas.evvel.org\/index.php?rest_route=%2Fwp%2Fv2%2Fcomments&post=967"}],"version-history":[{"count":7,"href":"https:\/\/upas.evvel.org\/index.php?rest_route=\/wp\/v2\/posts\/967\/revisions"}],"predecessor-version":[{"id":1139,"href":"https:\/\/upas.evvel.org\/index.php?rest_route=\/wp\/v2\/posts\/967\/revisions\/1139"}],"wp:attachment":[{"href":"https:\/\/upas.evvel.org\/index.php?rest_route=%2Fwp%2Fv2%2Fmedia&parent=967"}],"wp:term":[{"taxonomy":"category","embeddable":true,"href":"https:\/\/upas.evvel.org\/index.php?rest_route=%2Fwp%2Fv2%2Fcategories&post=967"},{"taxonomy":"post_tag","embeddable":true,"href":"https:\/\/upas.evvel.org\/index.php?rest_route=%2Fwp%2Fv2%2Ftags&post=967"}],"curies":[{"name":"wp","href":"https:\/\/api.w.org\/{rel}","templated":true}]}}