{"id":986,"date":"2019-10-20T00:49:50","date_gmt":"2019-10-19T21:49:50","guid":{"rendered":"https:\/\/upas.evvel.org\/?p=986"},"modified":"2019-10-21T00:51:33","modified_gmt":"2019-10-20T21:51:33","slug":"soylesi-gozler-odasi-uzerine-ceren-findik-ile","status":"publish","type":"post","link":"https:\/\/upas.evvel.org\/?p=986","title":{"rendered":"S\u00f6yle\u015fi: &#8220;G\u00f6zler Odas\u0131&#8221; \u00fczerine&#8230; Ceren F\u0131nd\u0131k ile&#8230;"},"content":{"rendered":"\n<div style=\"height:20px\" aria-hidden=\"true\" class=\"wp-block-spacer\"><\/div>\n\n\n\n<ul class=\"wp-block-gallery columns-3 is-cropped wp-block-gallery-1 is-layout-flex wp-block-gallery-is-layout-flex\"><li class=\"blocks-gallery-item\"><figure><a href=\"https:\/\/upas.evvel.org\/wp-content\/uploads\/2019\/10\/20191021_004825.jpg\"><img loading=\"lazy\" decoding=\"async\" width=\"717\" height=\"699\" src=\"https:\/\/upas.evvel.org\/wp-content\/uploads\/2019\/10\/20191021_004825.jpg\" alt=\"\" data-id=\"987\" data-link=\"https:\/\/upas.evvel.org\/?attachment_id=987\" class=\"wp-image-987\"\/><\/a><\/figure><\/li><li class=\"blocks-gallery-item\"><figure><a href=\"https:\/\/upas.evvel.org\/wp-content\/uploads\/2019\/10\/74525990_172238277252491_3719100292860477440_o.jpg\"><img loading=\"lazy\" decoding=\"async\" width=\"1653\" height=\"1169\" src=\"https:\/\/upas.evvel.org\/wp-content\/uploads\/2019\/10\/74525990_172238277252491_3719100292860477440_o.jpg\" alt=\"\" data-id=\"988\" data-link=\"https:\/\/upas.evvel.org\/?attachment_id=988\" class=\"wp-image-988\"\/><\/a><\/figure><\/li><li class=\"blocks-gallery-item\"><figure><a href=\"https:\/\/upas.evvel.org\/wp-content\/uploads\/2019\/10\/en-icteki-yer-k.jpg\"><img loading=\"lazy\" decoding=\"async\" width=\"690\" height=\"790\" src=\"https:\/\/upas.evvel.org\/wp-content\/uploads\/2019\/10\/en-icteki-yer-k.jpg\" alt=\"\" data-id=\"989\" data-link=\"https:\/\/upas.evvel.org\/?attachment_id=989\" class=\"wp-image-989\"\/><\/a><\/figure><\/li><\/ul>\n\n\n\n<p><strong>Zafer Yal\u00e7\u0131np\u0131nar: <\/strong>\u2018<a rel=\"noreferrer noopener\" aria-label=\"En \u0130\u00e7teki Yer (yeni sekmede a\u00e7\u0131l\u0131r)\" href=\"https:\/\/bit.ly\/enictekiyer\" target=\"_blank\">En \u0130\u00e7teki Yer<\/a>\u2019 adl\u0131 \u00e7izimlerin Eyl\u00fcl ay\u0131nda, Upas Yay\u0131n kapsam\u0131nda kitapla\u015ft\u0131. Daha \u00f6nce ayn\u0131 isimle bir sergi olarak da icra edilmi\u015fti. \u015eimdi ise <strong>Ankara<\/strong>\u2019da <strong>24 Ekim<\/strong> tarihinde <strong>\u0130klim Sanat Projesi<\/strong> kapsam\u0131nda <a rel=\"noreferrer noopener\" aria-label=\"\u2018G\u00f6zler Odas\u0131\u2019 (yeni sekmede a\u00e7\u0131l\u0131r)\" href=\"https:\/\/evvel.org\/sergi-gozler-odasi-ceren-findik-iklim-sanat-24-ekim-9-kasim-2019-ankara\" target=\"_blank\">\u2018G\u00f6zler Odas\u0131\u2019<\/a> adl\u0131 yeni sergin a\u00e7\u0131lacak\u2026 \u00c7izimlerinde d\u00fc\u015fsel bir incelik g\u00f6r\u00fcyoruz, imgeleminin \u00f6z\u00fct\u00fcn\u00fc nas\u0131l tan\u0131ml\u0131yorsun?<\/p>\n\n\n\n<p><strong>Ceren F\u0131nd\u0131k:<\/strong> Yeni sergim i\u00e7in \u2018G\u00f6zler Odas\u0131\u2019 ismini \u00f6zellikle\nse\u00e7tim. Genelde resimlerimde g\u00f6zler var ve bu g\u00f6zler izleyiciyi rahats\u0131z\nedebiliyor, \u00e7al\u0131\u015fmalar\u0131m insanlara rahats\u0131z edici gelebiliyor. Bunun sebebi\nyapt\u0131\u011f\u0131m \u00e7izimlerin ger\u00e7e\u011fe yak\u0131n olmas\u0131&#8230; Hi\u00e7biri birbirinin ayn\u0131s\u0131 de\u011fil. Bu\ndurum \u00e7ok \u00f6nemli bir \u015fey de de\u011fil fakat belirtmek istedim sadece\u2026 \u00c7izimlerimin\ni\u00e7eri\u011finde \u00e7ok fazla \u015fey sakl\u0131; bir s\u00fcr\u00fc hik\u00e2ye, etkilendi\u011fim insanlardan,\nolaylardan, an\u0131lar\u0131mdan ve biyografilerden olu\u015fan \u00e7izimler bunlar. Deniz\nBilgin, Semiha Berksoy, Unica Z\u00fcrn\u2026 \u00c7izim yapt\u0131\u011f\u0131m ilk y\u0131llarda Burhan Uygur\u2026\nBu yol uzun bir yol sonu\u00e7ta. Bu yola devam ediyorum, devam etmem gerekiyor\n\u00e7\u00fcnk\u00fc \u00e7izdik\u00e7e kendimi ve d\u00fcnyay\u0131 g\u00f6r\u00fcyorum, anl\u0131yorum. Bir ruh \u00e7\u00f6z\u00fcmleme\nsanki\u2026 Fakat b\u00fct\u00fcn resimlerimi anlatmaya kalk\u0131\u015fsam bu epey zor bir \u015fey olurdu.\nBu durum bir r\u00fcya g\u00f6rmeye benziyor. Resimlerimi \u00e7izerken r\u00fcya g\u00f6r\u00fcyormu\u015fum gibi\nyap\u0131yorum ve eserlerime sonradan bakt\u0131\u011f\u0131mda eserlerim bana bir \u015feyler s\u00f6yl\u00fcyor.\nBu anlam \u00e7e\u015fitlili\u011fi izleyicinin kendine bak\u0131\u015f\u0131n\u0131 sa\u011fl\u0131yor. <\/p>\n\n\n\n<p><strong>Z.Y.: <\/strong>\u0130zleyicinin zihnine ket vurmak senin sevmedi\u011fin bir \u015fey. Bu a\u00e7\u0131dan\nbakt\u0131\u011f\u0131m\u0131zda \u00e7izimlerinde ger\u00e7ek\u00fcst\u00fcc\u00fc bir boyut \u00f6n-plana \u00e7\u0131k\u0131yor san\u0131r\u0131m\u2026<\/p>\n\n\n\n<p><strong>C.F.:<\/strong> Tabi\u00ee ki b\u00f6yle bir boyut var. Fakat \u00e7izimlerimi ve sanat\u0131m\u0131 \u2018outsider\nart\u2019 kavram\u0131 ile tan\u0131ml\u0131yorum. Bu akademik olmayan bir sanat anlay\u0131\u015f\u0131d\u0131r. Yapt\u0131\u011f\u0131m\n\u00e7izimlerin tan\u0131mlamas\u0131 \u2018outrsider art\u2019d\u0131r. Ankara G\u00fczel Sanatlar Anadolu\nLisesi\u2019nde sanat e\u011fitimi ald\u0131m, lise y\u0131llar\u0131nda hep bir \u015feyler deniyordum ve\nara\u015ft\u0131r\u0131yordum. \u00dcniversitede daha \u00f6zg\u00fcrce \u00e7al\u0131\u015fmaya ba\u015flad\u0131m ve \u00e7izimlerim i\u00e7in\nilk denge 2000 y\u0131l\u0131nda olu\u015ftu. \u00c7izimlerimin karakteri, d\u0131\u015favurumu, \u00e7izgimin olgunlu\u011fu\nve karakteri o y\u0131llarda tamamland\u0131. \u00c7izimlerim ger\u00e7ek ve hayal aras\u0131nda geli\u015fen\nhik\u00e2yelerdir. <\/p>\n\n\n\n<p><strong>Z.Y.: <\/strong>G\u00f6zler Odas\u0131\u2019nda yeni olu\u015fumlar, yakla\u015f\u0131mlar var m\u0131? Yeni bir\ng\u00f6rsel dili b\u00fct\u00fcnlemeye \u00e7al\u0131\u015f\u0131yor musun?<\/p>\n\n\n\n<p><strong>C.F.:<\/strong> Sonu\u00e7ta, t\u00fcm \u00e7izimlerimin bir dili ve karakteri var. Ayn\u0131\ndilde birbirinden farkl\u0131 \u00e7izimler olacak G\u00f6zler Odas\u0131\u2019nda\u2026 90\u2019dan fazla \u00e7izim\nyer alacak sergide. \u00c7izimlerimi \u00f6zellikle \u00e7er\u00e7evesiz sergilemeyi tercih\nediyorum. B\u00f6ylesi daha ger\u00e7ek ve net oluyor. O \u00e7izgiler de ya\u015fam\u0131n bir par\u00e7as\u0131\u2026\nHepsi anlar\u0131n birlikteli\u011fini do\u011furuyor. Birbirleriyle temas halindeler. Ya\u015fama\nkar\u0131\u015fs\u0131nlar istiyorum. Bundan \u00e7ok ho\u015flanmasam da fiyat konusundan\nbahsetmeliyim: Herkesin resimlerime ula\u015fmas\u0131n\u0131 istiyorum, herkesin evinin i\u00e7ine\ngirmesini istiyorum resimlerimin\u2026 O y\u00fczden bu sergimde eserlerimin fiyatlar\u0131n\u0131\nd\u00fc\u015f\u00fcrece\u011fim. Zaten \u00e7ok \u00fcretti\u011fim i\u00e7in bu durum benim i\u00e7in bir kay\u0131p de\u011fil,\nkonuya b\u00f6yle bakm\u0131yorum. <\/p>\n\n\n\n<p><strong>Z.Y.: <\/strong>Son on y\u0131lda \u00f6n-plana \u00e7\u0131kan \u00e7a\u011fda\u015f sanat yakla\u015f\u0131m\u0131 veya\ngaleri sistemati\u011fi hakk\u0131nda neler d\u00fc\u015f\u00fcn\u00fcyorsun? Sanat d\u00fcnyam\u0131z\u0131 nas\u0131l\ng\u00f6r\u00fcyorsun?<\/p>\n\n\n\n<p><strong>C.F.:<\/strong> Sanat d\u00fcnyas\u0131 denince akl\u0131ma kendi d\u00fcnyam geliyor a\u00e7\u0131k\u00e7as\u0131\u2026\nKendi d\u00fcnyam\u0131n i\u00e7inde olan insanlar\u0131 g\u00f6r\u00fcyorum. Son CI\u2019u ziyaret ettim. Bir\ngaleri vard\u0131, Portekizli bir sanat\u00e7\u0131. \u015eimdi ad\u0131n\u0131 hat\u0131rlam\u0131yorum, o resimleri\n\u00e7ok be\u011fendim. Ama bana \u00e7ok fazla \u2018haz\u0131rm\u0131\u015f\u2019 gibi geliyor baz\u0131 yakla\u015f\u0131mlar\u2026 Jean\nde Buffet demi\u015f ki \u2018Pasta de\u011fil, ekmek!\u2019 Hepsi i\u00e7in s\u00f6ylemiyorum -zaten haddime\nde d\u00fc\u015fmez- ama \u00e7a\u011fda\u015f sanat kapsam\u0131ndaki baz\u0131 eserler bana \u00e7ok pastavari\ngeliyor. S\u00fcsl\u00fc p\u00fcsl\u00fc\u2026&nbsp; Buffet\u2019in bir s\u00f6z\u00fc\ndaha var, onu \u00e7ok severim, hat\u0131rlad\u0131\u011f\u0131m kadar\u0131yla \u015f\u00f6yleydi; \u2018Estetik de\u011ferlerin\nsanatta olma zorunlulu\u011fu \u00e7ok eski bir mittir ve bence bunu empoze etmek b\u00fcy\u00fck\nbir su\u00e7tur\u2019 diyor. Yani, b\u00fct\u00fcn sanat tarihiyle ilgilenmiyorum a\u00e7\u0131k\u00e7as\u0131. <\/p>\n\n\n\n<p><strong>Z.Y.:&nbsp; <\/strong>Eserlerine tek tek\nisim vermedi\u011fini g\u00f6r\u00fcyorum. Bunun sebebini merak ediyorum\u2026<\/p>\n\n\n\n<p><strong>C.F.:<\/strong> \u00c7\u00fcnk\u00fc baz\u0131 resimlerin ad\u0131 \u00e7ok belli asl\u0131nda\u2026 Ben yazmasam\ndahi isimleri var o resimlerin. Mesela, 2010\u2019da bir \u00e7izim yapm\u0131\u015f\u0131m, ben\nsonradan fark ettim, bir toprak par\u00e7as\u0131 \u00fcst\u00fcnde i\u00e7 i\u00e7e ge\u00e7mi\u015f yarat\u0131klar ve ben\no topra\u011fa y\u00fcz\u00fck takm\u0131\u015f\u0131m. Akl\u0131ma birden \u00c2\u015f\u0131k Veysel geldi. \u2018Benim sad\u0131k y\u00e2rim\nkara toprakt\u0131r.\u2019 Asl\u0131nda, herkes kendi alg\u0131s\u0131yla bakmal\u0131 resimlerime, benim\nalg\u0131lad\u0131\u011f\u0131m \u015fekliyle de\u011fil. Sanatla ilgili olarak bu bak\u0131\u015f eksik san\u0131r\u0131m.\n\u0130nsanlar hep ressam\u0131n bireysel alg\u0131lar\u0131yla ilgileniyor. H\u00e2lbuki \u015f\u00f6yle d\u00fc\u015f\u00fcnmeli\nizleyiciler: \u2018Bu resim bana ne kat\u0131yor, ben bu resimde ne buluyorum, nas\u0131l\nili\u015fkilendiriyorum bu resmi kendimle\u2019. Ben ressam olarak dayatamam baz\u0131\n\u015feyleri, benim resimlerim \u00f6yle de\u011fil. Resimlerime bakt\u0131\u011f\u0131nda izleyicinin\nkendisiyle temas kurmas\u0131n\u0131 beklerim. \u0130\u015fte o zaman sanat, izleyiciyle bulu\u015fuyor.\n\u0130zleyicinin daha serbest d\u00fc\u015f\u00fcnmesi i\u00e7in eserlerime isim koymuyorum.<\/p>\n\n\n\n<p><strong>Z.Y.:&nbsp;&nbsp; <\/strong>O zaman \u2018G\u00f6zler Odas\u0131\u2019\ni\u00e7in \u00f6zg\u00fcr bir sergi diyebiliriz\u2026<\/p>\n\n\n\n<p><strong>C.F.:<\/strong>&nbsp; Evet. Zaten bir odada\nolacak sergim\u2026 Ben bu odaya \u2018G\u00f6zler Odas\u0131\u2019 ismini koymak istedim. \u0130lgin\u00e7 bir\nsergi olacak\u2026<\/p>\n\n\n\n<p><strong>Z.Y.:&nbsp; <\/strong>\u0130\u00e7tenlikli cevaplar\u0131n\ni\u00e7in \u00e7ok te\u015fekk\u00fcr ederim Ceren.<\/p>\n\n\n\n<p><strong>C.F.:<\/strong>&nbsp; Ben te\u015fekk\u00fcr ederim.<\/p>\n\n\n\n<p><strong><em>20 Ekim 2019<\/em><\/strong><\/p>\n","protected":false},"excerpt":{"rendered":"","protected":false},"author":1,"featured_media":0,"comment_status":"closed","ping_status":"closed","sticky":false,"template":"","format":"standard","meta":{"footnotes":""},"categories":[24],"tags":[97,18],"class_list":["post-986","post","type-post","status-publish","format-standard","hentry","category-gorungu","tag-ceren-findik","tag-zafer-yalcinpinar","comments-off"],"_links":{"self":[{"href":"https:\/\/upas.evvel.org\/index.php?rest_route=\/wp\/v2\/posts\/986","targetHints":{"allow":["GET"]}}],"collection":[{"href":"https:\/\/upas.evvel.org\/index.php?rest_route=\/wp\/v2\/posts"}],"about":[{"href":"https:\/\/upas.evvel.org\/index.php?rest_route=\/wp\/v2\/types\/post"}],"author":[{"embeddable":true,"href":"https:\/\/upas.evvel.org\/index.php?rest_route=\/wp\/v2\/users\/1"}],"replies":[{"embeddable":true,"href":"https:\/\/upas.evvel.org\/index.php?rest_route=%2Fwp%2Fv2%2Fcomments&post=986"}],"version-history":[{"count":2,"href":"https:\/\/upas.evvel.org\/index.php?rest_route=\/wp\/v2\/posts\/986\/revisions"}],"predecessor-version":[{"id":991,"href":"https:\/\/upas.evvel.org\/index.php?rest_route=\/wp\/v2\/posts\/986\/revisions\/991"}],"wp:attachment":[{"href":"https:\/\/upas.evvel.org\/index.php?rest_route=%2Fwp%2Fv2%2Fmedia&parent=986"}],"wp:term":[{"taxonomy":"category","embeddable":true,"href":"https:\/\/upas.evvel.org\/index.php?rest_route=%2Fwp%2Fv2%2Fcategories&post=986"},{"taxonomy":"post_tag","embeddable":true,"href":"https:\/\/upas.evvel.org\/index.php?rest_route=%2Fwp%2Fv2%2Ftags&post=986"}],"curies":[{"name":"wp","href":"https:\/\/api.w.org\/{rel}","templated":true}]}}